{"id":2121,"date":"2014-10-31T12:00:46","date_gmt":"2014-10-31T10:00:46","guid":{"rendered":"http:\/\/jlggb.net\/blog4\/?p=2121"},"modified":"2014-11-08T03:24:52","modified_gmt":"2014-11-08T01:24:52","slug":"portemanteau-exemplaire","status":"publish","type":"post","link":"http:\/\/jlggb.net\/blog4\/?p=2121","title":{"rendered":"Portemanteau exemplaire"},"content":{"rendered":"<p><a href=\"http:\/\/jlggb.net\/blog4\/wp-content\/uploads\/2014\/11\/st-gall-textile-vetements.jpg\" data-rel=\"lightbox-gallery-7rbwJtxd\" data-imagelightbox=\"0\" data-rl_title=\"\" data-rl_caption=\"\" title=\"\"><img loading=\"lazy\" decoding=\"async\" class=\"alignnone size-full wp-image-2125\" src=\"http:\/\/jlggb.net\/blog4\/wp-content\/uploads\/2014\/11\/st-gall-textile-vetements.jpg\" alt=\"st gall textile vetements\" width=\"640\" height=\"480\" \/><\/a><br \/>\n<a href=\"http:\/\/jlggb.net\/blog4\/wp-content\/uploads\/2014\/11\/st-gall-textile-portemanteau1.jpg\" data-rel=\"lightbox-gallery-7rbwJtxd\" data-imagelightbox=\"1\" data-rl_title=\"\" data-rl_caption=\"\" title=\"\"><img loading=\"lazy\" decoding=\"async\" class=\"alignnone size-full wp-image-2124\" src=\"http:\/\/jlggb.net\/blog4\/wp-content\/uploads\/2014\/11\/st-gall-textile-portemanteau1.jpg\" alt=\"st gall textile portemanteau\" width=\"640\" height=\"480\" srcset=\"http:\/\/jlggb.net\/blog4\/wp-content\/uploads\/2014\/11\/st-gall-textile-portemanteau1.jpg 2000w, http:\/\/jlggb.net\/blog4\/wp-content\/uploads\/2014\/11\/st-gall-textile-portemanteau1-200x150.jpg 200w, http:\/\/jlggb.net\/blog4\/wp-content\/uploads\/2014\/11\/st-gall-textile-portemanteau1-400x300.jpg 400w, http:\/\/jlggb.net\/blog4\/wp-content\/uploads\/2014\/11\/st-gall-textile-portemanteau1-150x112.jpg 150w\" sizes=\"auto, (max-width: 640px) 100vw, 640px\" \/><\/a><br \/>\nVendredi 31 octobre, 12h, Saint-Gall, Mus\u00e9e du textile. Lieu concern\u00e9 par le tissu et le v\u00eatement&nbsp;: le vestiaire des visiteurs expose un portemanteau collectif enti\u00e8rement en fer, historique, de la plus grande fonctionnalit\u00e9 et du plus grand style.<\/p>\n","protected":false},"excerpt":{"rendered":"<p>Vendredi 31 octobre, 12h, Saint-Gall, Mus\u00e9e du textile. Lieu concern\u00e9 par le tissu et le v\u00eatement&nbsp;: le vestiaire des visiteurs expose un portemanteau collectif enti\u00e8rement en fer, historique, de la plus grande fonctionnalit\u00e9 et du plus grand style.<\/p>\n","protected":false},"author":1,"featured_media":0,"comment_status":"closed","ping_status":"closed","sticky":false,"template":"","format":"standard","meta":{"footnotes":""},"categories":[146,101,122],"tags":[414,413,411],"class_list":["post-2121","post","type-post","status-publish","format-standard","hentry","category-design","category-notation","category-superposition","tag-fer","tag-musee","tag-saint-gall"],"_links":{"self":[{"href":"http:\/\/jlggb.net\/blog4\/index.php?rest_route=\/wp\/v2\/posts\/2121","targetHints":{"allow":["GET"]}}],"collection":[{"href":"http:\/\/jlggb.net\/blog4\/index.php?rest_route=\/wp\/v2\/posts"}],"about":[{"href":"http:\/\/jlggb.net\/blog4\/index.php?rest_route=\/wp\/v2\/types\/post"}],"author":[{"embeddable":true,"href":"http:\/\/jlggb.net\/blog4\/index.php?rest_route=\/wp\/v2\/users\/1"}],"replies":[{"embeddable":true,"href":"http:\/\/jlggb.net\/blog4\/index.php?rest_route=%2Fwp%2Fv2%2Fcomments&post=2121"}],"version-history":[{"count":0,"href":"http:\/\/jlggb.net\/blog4\/index.php?rest_route=\/wp\/v2\/posts\/2121\/revisions"}],"wp:attachment":[{"href":"http:\/\/jlggb.net\/blog4\/index.php?rest_route=%2Fwp%2Fv2%2Fmedia&parent=2121"}],"wp:term":[{"taxonomy":"category","embeddable":true,"href":"http:\/\/jlggb.net\/blog4\/index.php?rest_route=%2Fwp%2Fv2%2Fcategories&post=2121"},{"taxonomy":"post_tag","embeddable":true,"href":"http:\/\/jlggb.net\/blog4\/index.php?rest_route=%2Fwp%2Fv2%2Ftags&post=2121"}],"curies":[{"name":"wp","href":"https:\/\/api.w.org\/{rel}","templated":true}]}}