{"id":2114,"date":"2014-10-31T11:30:48","date_gmt":"2014-10-31T09:30:48","guid":{"rendered":"http:\/\/jlggb.net\/blog4\/?p=2114"},"modified":"2014-11-08T03:25:35","modified_gmt":"2014-11-08T01:25:35","slug":"indiennes-des-huguenots","status":"publish","type":"post","link":"http:\/\/jlggb.net\/blog4\/?p=2114","title":{"rendered":"Indienne de Huguenots"},"content":{"rendered":"<p><a href=\"http:\/\/jlggb.net\/blog4\/wp-content\/uploads\/2014\/11\/st-gall-indienne-cercles-rouge.jpg\" data-rel=\"lightbox-gallery-XaKcEpjB\" data-imagelightbox=\"0\" data-rl_title=\"\" data-rl_caption=\"\" title=\"\"><img loading=\"lazy\" decoding=\"async\" src=\"http:\/\/jlggb.net\/blog4\/wp-content\/uploads\/2014\/11\/st-gall-indienne-cercles-rouge.jpg\" alt=\"st gall indienne cercles rouge\" width=\"640\" height=\"480\" class=\"alignnone size-full wp-image-2115\" \/><\/a><br \/>\nVendredi 31 octobre, 11h30, Saint-Gall, Mus\u00e9e du textile. D\u00e9tail d&rsquo;un foulard imprim\u00e9 ancien. Apr\u00e8s 1685 et la r\u00e9vocation de l&rsquo;\u00e9dit de Nantes, les Huguenots manufacturiers d&rsquo;indiennes s&rsquo;installent en Suisse. Cette activit\u00e9 se d\u00e9veloppe en Suisse orientale au XIXe si\u00e8cle. Site&nbsp;: <a href=\"http:\/\/www.textilmuseum.ch\/?lang=fr\" target=\"_blank\">http:\/\/www.textilmuseum.ch\/?lang=fr<\/a><\/p>\n","protected":false},"excerpt":{"rendered":"<p>Vendredi 31 octobre, 11h30, Saint-Gall, Mus\u00e9e du textile. D\u00e9tail d&rsquo;un foulard imprim\u00e9 ancien. Apr\u00e8s 1685 et la r\u00e9vocation de l&rsquo;\u00e9dit de Nantes, les Huguenots manufacturiers d&rsquo;indiennes s&rsquo;installent en Suisse. Cette activit\u00e9 se d\u00e9veloppe en Suisse orientale au XIXe si\u00e8cle. Site&nbsp;: http:\/\/www.textilmuseum.ch\/?lang=fr<\/p>\n","protected":false},"author":1,"featured_media":0,"comment_status":"closed","ping_status":"closed","sticky":false,"template":"","format":"standard","meta":{"footnotes":""},"categories":[142,146,256],"tags":[412,411,415],"class_list":["post-2114","post","type-post","status-publish","format-standard","hentry","category-couleur","category-design","category-histoire","tag-indiennes","tag-saint-gall","tag-tissu"],"_links":{"self":[{"href":"http:\/\/jlggb.net\/blog4\/index.php?rest_route=\/wp\/v2\/posts\/2114","targetHints":{"allow":["GET"]}}],"collection":[{"href":"http:\/\/jlggb.net\/blog4\/index.php?rest_route=\/wp\/v2\/posts"}],"about":[{"href":"http:\/\/jlggb.net\/blog4\/index.php?rest_route=\/wp\/v2\/types\/post"}],"author":[{"embeddable":true,"href":"http:\/\/jlggb.net\/blog4\/index.php?rest_route=\/wp\/v2\/users\/1"}],"replies":[{"embeddable":true,"href":"http:\/\/jlggb.net\/blog4\/index.php?rest_route=%2Fwp%2Fv2%2Fcomments&post=2114"}],"version-history":[{"count":0,"href":"http:\/\/jlggb.net\/blog4\/index.php?rest_route=\/wp\/v2\/posts\/2114\/revisions"}],"wp:attachment":[{"href":"http:\/\/jlggb.net\/blog4\/index.php?rest_route=%2Fwp%2Fv2%2Fmedia&parent=2114"}],"wp:term":[{"taxonomy":"category","embeddable":true,"href":"http:\/\/jlggb.net\/blog4\/index.php?rest_route=%2Fwp%2Fv2%2Fcategories&post=2114"},{"taxonomy":"post_tag","embeddable":true,"href":"http:\/\/jlggb.net\/blog4\/index.php?rest_route=%2Fwp%2Fv2%2Ftags&post=2114"}],"curies":[{"name":"wp","href":"https:\/\/api.w.org\/{rel}","templated":true}]}}