{"id":2059,"date":"2014-10-18T20:00:24","date_gmt":"2014-10-18T18:00:24","guid":{"rendered":"http:\/\/jlggb.net\/blog4\/?p=2059"},"modified":"2020-09-05T22:01:48","modified_gmt":"2020-09-05T21:01:48","slug":"depot-144","status":"publish","type":"post","link":"http:\/\/jlggb.net\/blog4\/?p=2059","title":{"rendered":"D\u00e9p\u00f4t 144"},"content":{"rendered":"<p><a href=\"http:\/\/jlggb.net\/blog4\/wp-content\/uploads\/2014\/10\/depot-144-cicr-full.jpg\" data-rel=\"lightbox-gallery-XoS6S89y\" data-imagelightbox=\"0\" data-rl_title=\"\" data-rl_caption=\"\" title=\"\"><img loading=\"lazy\" decoding=\"async\" class=\"alignnone wp-image-2063\" src=\"http:\/\/jlggb.net\/blog4\/wp-content\/uploads\/2014\/10\/depot-144-cicr-full.jpg\" alt=\"depot 144 cicr full\" width=\"640\" height=\"818\" srcset=\"http:\/\/jlggb.net\/blog4\/wp-content\/uploads\/2014\/10\/depot-144-cicr-full.jpg 1536w, http:\/\/jlggb.net\/blog4\/wp-content\/uploads\/2014\/10\/depot-144-cicr-full-117x150.jpg 117w, http:\/\/jlggb.net\/blog4\/wp-content\/uploads\/2014\/10\/depot-144-cicr-full-234x300.jpg 234w, http:\/\/jlggb.net\/blog4\/wp-content\/uploads\/2014\/10\/depot-144-cicr-full-1174x1500.jpg 1174w\" sizes=\"auto, (max-width: 640px) 100vw, 640px\" \/><\/a><br \/>\n<a href=\"http:\/\/jlggb.net\/blog4\/wp-content\/uploads\/2014\/10\/aix-vue-grosse-totale.jpg\" data-rel=\"lightbox-gallery-XoS6S89y\" data-imagelightbox=\"1\" data-rl_title=\"\" data-rl_caption=\"\" title=\"\"><img loading=\"lazy\" decoding=\"async\" class=\"alignnone size-full wp-image-2071\" src=\"http:\/\/jlggb.net\/blog4\/wp-content\/uploads\/2014\/10\/aix-vue-grosse-totale.jpg\" alt=\"aix vue grosse totale\" width=\"640\" height=\"480\" srcset=\"http:\/\/jlggb.net\/blog4\/wp-content\/uploads\/2014\/10\/aix-vue-grosse-totale.jpg 2000w, http:\/\/jlggb.net\/blog4\/wp-content\/uploads\/2014\/10\/aix-vue-grosse-totale-200x150.jpg 200w, http:\/\/jlggb.net\/blog4\/wp-content\/uploads\/2014\/10\/aix-vue-grosse-totale-400x300.jpg 400w, http:\/\/jlggb.net\/blog4\/wp-content\/uploads\/2014\/10\/aix-vue-grosse-totale-150x112.jpg 150w\" sizes=\"auto, (max-width: 640px) 100vw, 640px\" \/><\/a><br \/>\n<a href=\"http:\/\/jlggb.net\/blog4\/wp-content\/uploads\/2014\/10\/aix-grosse-point-de-vue-large.jpg\" data-rel=\"lightbox-gallery-XoS6S89y\" data-imagelightbox=\"2\" data-rl_title=\"\" data-rl_caption=\"\" title=\"\"><img loading=\"lazy\" decoding=\"async\" class=\"alignnone size-full wp-image-2061\" src=\"http:\/\/jlggb.net\/blog4\/wp-content\/uploads\/2014\/10\/aix-grosse-point-de-vue-large.jpg\" alt=\"aix grosse point de vue large\" width=\"640\" height=\"480\" srcset=\"http:\/\/jlggb.net\/blog4\/wp-content\/uploads\/2014\/10\/aix-grosse-point-de-vue-large.jpg 2000w, http:\/\/jlggb.net\/blog4\/wp-content\/uploads\/2014\/10\/aix-grosse-point-de-vue-large-200x150.jpg 200w, http:\/\/jlggb.net\/blog4\/wp-content\/uploads\/2014\/10\/aix-grosse-point-de-vue-large-400x300.jpg 400w, http:\/\/jlggb.net\/blog4\/wp-content\/uploads\/2014\/10\/aix-grosse-point-de-vue-large-150x112.jpg 150w\" sizes=\"auto, (max-width: 640px) 100vw, 640px\" \/><\/a><br \/>\n<a href=\"http:\/\/jlggb.net\/blog4\/wp-content\/uploads\/2014\/10\/roche-du-roi-patinoire-carte-postale.jpg\" data-rel=\"lightbox-gallery-XoS6S89y\" data-imagelightbox=\"3\" data-rl_title=\"\" data-rl_caption=\"\" title=\"\"><img loading=\"lazy\" decoding=\"async\" class=\"alignnone wp-image-2064\" src=\"http:\/\/jlggb.net\/blog4\/wp-content\/uploads\/2014\/10\/roche-du-roi-patinoire-carte-postale.jpg\" alt=\"roche du roi patinoire carte postale\" width=\"640\" height=\"416\" srcset=\"http:\/\/jlggb.net\/blog4\/wp-content\/uploads\/2014\/10\/roche-du-roi-patinoire-carte-postale.jpg 2000w, http:\/\/jlggb.net\/blog4\/wp-content\/uploads\/2014\/10\/roche-du-roi-patinoire-carte-postale-200x130.jpg 200w, http:\/\/jlggb.net\/blog4\/wp-content\/uploads\/2014\/10\/roche-du-roi-patinoire-carte-postale-400x260.jpg 400w, http:\/\/jlggb.net\/blog4\/wp-content\/uploads\/2014\/10\/roche-du-roi-patinoire-carte-postale-150x97.jpg 150w\" sizes=\"auto, (max-width: 640px) 100vw, 640px\" \/><\/a><br \/>\nSamedi 18\u00a0octobre 2014, 16h, Aix-les-Bains, 1353 boulevard Lepic. La photo du camp de prisonniers allemands d\u2019Aix-les-Bains, cr\u00e9\u00e9 au d\u00e9but de l\u2019\u00e9t\u00e9 1945, est dans le livre <em>Les Prisonniers de guerre allemands. France, 1944-1949<\/em> \u00e9crit par Fabien Th\u00e9ofilakis \u00e0 partir de\u00a0<a href=\"http:\/\/www.historikerkomitee.de\/wordpress\/wp-content\/uploads\/F.Theofilakis-bref-resume-these.pdf\" target=\"_blank\" rel=\"noopener\">sa th\u00e8se<\/a> (\u00c9ditions Fayard, avril\u00a02014, 800 pages, 155 x 235, 32\u00a0\u20ac). Cette photo provient du CICR et a certainement \u00e9t\u00e9 prise par un enqu\u00eateur de la Croix rouge de Gen\u00e8ve. D\u2019o\u00f9 a-t-elle \u00e9t\u00e9 prise\u00a0? Par divers recoupements, on arrive \u00e0 un point de vue qui donne, au-del\u00e0 de la voie ferr\u00e9e, sur des entrep\u00f4ts de l\u2019entreprise de construction L\u00e9on Grosse, et situ\u00e9 \u00e0 l\u2019extr\u00e9mit\u00e9 du Chemin des plonges. Ce point de vue est, d\u2019apr\u00e8s la perspective, relativement haut. On peut penser qu\u2019il s\u2019agit du balcon qui est au bout de l\u2019immeuble d\u2019habitation, probablement construit pour des employ\u00e9s de la laverie et de l\u2019h\u00f4tel Rivollier, H\u00f4tel International, devant la gare. Le chemin fait un angle par rapport \u00e0 la voie ferr\u00e9e comme par rapport au boulevard Lepic qui lui est parall\u00e8le. C\u2019est qu\u2019il suit le cours de la petite rivi\u00e8re Tillet, aujourd\u2019hui souterraine et en partie d\u00e9tourn\u00e9e en amont vers le lac par un canal creus\u00e9 sous la colline de Tresserve. La carte postale montrant le ch\u00e2teau de la Roche du Roi, peu de temps apr\u00e8s sa construction en 1900, permet de voir comment le Tillet passe sous la voie et comment elle alimente une patinoire puis des laveries. Le lieu du camp de prisonniers allemands a\u00a0vraisemblablement \u00e9t\u00e9 situ\u00e9 en fonction de cette possibilit\u00e9 d\u2019\u00e9coulement. On lit dans le livre de Fabien Th\u00e9ofilakis que la pr\u00e9sence de quelque 10\u00a0000 prisonniers fut une source de souillure du Petit Port qui provoqua inqui\u00e9tude et protestations dans la Ville. 70 ans apr\u00e8s, la photographie historique m\u2019a conduit \u00e0 tout un ensemble d\u2019explorations sur le terrain et dans les cartes, de questions et de consultations de documents dont je ne peux pas rendre compte tellement se recoupent les histoires g\u00e9n\u00e9rales, locales et familiales.<br \/>\n\u00c0 voir et \u00e9couter&nbsp;: <a href=\"http:\/\/www.wat.tv\/video\/historiquement-show-169-prisonniers-6tnt5_2fqwb_.html#%20 \" target=\"_blank\" rel=\"noopener\"><em>Historiquement show<\/em> 169, juin 2014<\/a>.<\/p>\n","protected":false},"excerpt":{"rendered":"<p>Samedi 18\u00a0octobre 2014, 16h, Aix-les-Bains, 1353 boulevard Lepic. La photo du camp de prisonniers allemands d\u2019Aix-les-Bains, cr\u00e9\u00e9 au d\u00e9but de l\u2019\u00e9t\u00e9 1945, est dans le livre Les Prisonniers de guerre allemands. France, 1944-1949 \u00e9crit par Fabien Th\u00e9ofilakis \u00e0 partir de\u00a0sa th\u00e8se (\u00c9ditions Fayard, avril\u00a02014, 800 pages, 155 x 235, 32\u00a0\u20ac). Cette photo provient du CICR &hellip; <a href=\"http:\/\/jlggb.net\/blog4\/?p=2059\" class=\"more-link\">Continuer la lecture de <span class=\"screen-reader-text\">D\u00e9p\u00f4t 144<\/span><\/a><\/p>\n","protected":false},"author":1,"featured_media":0,"comment_status":"closed","ping_status":"closed","sticky":false,"template":"","format":"standard","meta":{"footnotes":""},"categories":[256,275,4],"tags":[408,314,407],"class_list":["post-2059","post","type-post","status-publish","format-standard","hentry","category-histoire","category-lieu","category-photographie","tag-408","tag-aix-les-bains","tag-allemands"],"_links":{"self":[{"href":"http:\/\/jlggb.net\/blog4\/index.php?rest_route=\/wp\/v2\/posts\/2059","targetHints":{"allow":["GET"]}}],"collection":[{"href":"http:\/\/jlggb.net\/blog4\/index.php?rest_route=\/wp\/v2\/posts"}],"about":[{"href":"http:\/\/jlggb.net\/blog4\/index.php?rest_route=\/wp\/v2\/types\/post"}],"author":[{"embeddable":true,"href":"http:\/\/jlggb.net\/blog4\/index.php?rest_route=\/wp\/v2\/users\/1"}],"replies":[{"embeddable":true,"href":"http:\/\/jlggb.net\/blog4\/index.php?rest_route=%2Fwp%2Fv2%2Fcomments&post=2059"}],"version-history":[{"count":1,"href":"http:\/\/jlggb.net\/blog4\/index.php?rest_route=\/wp\/v2\/posts\/2059\/revisions"}],"predecessor-version":[{"id":3860,"href":"http:\/\/jlggb.net\/blog4\/index.php?rest_route=\/wp\/v2\/posts\/2059\/revisions\/3860"}],"wp:attachment":[{"href":"http:\/\/jlggb.net\/blog4\/index.php?rest_route=%2Fwp%2Fv2%2Fmedia&parent=2059"}],"wp:term":[{"taxonomy":"category","embeddable":true,"href":"http:\/\/jlggb.net\/blog4\/index.php?rest_route=%2Fwp%2Fv2%2Fcategories&post=2059"},{"taxonomy":"post_tag","embeddable":true,"href":"http:\/\/jlggb.net\/blog4\/index.php?rest_route=%2Fwp%2Fv2%2Ftags&post=2059"}],"curies":[{"name":"wp","href":"https:\/\/api.w.org\/{rel}","templated":true}]}}