{"id":200,"date":"2013-12-15T22:18:07","date_gmt":"2013-12-15T21:18:07","guid":{"rendered":"http:\/\/jlggb.net\/blog4\/?p=200"},"modified":"2020-09-05T22:22:13","modified_gmt":"2020-09-05T21:22:13","slug":"46-6-3-64-6-5-30-40","status":"publish","type":"post","link":"http:\/\/jlggb.net\/blog4\/?p=200","title":{"rendered":"+ 46\u00b0 6&prime; 3.64&Prime;, + 6\u00b0 5&prime; 30.40&Prime; \/ 15-12-2013, 22h 18mn 05s"},"content":{"rendered":"<p><a href=\"http:\/\/jlggb.net\/blog4\/wp-content\/uploads\/2013\/12\/nuages-lune-avion-2000.jpg\" data-rel=\"lightbox-gallery-6rBQYH2S\" data-imagelightbox=\"0\" data-rl_title=\"\" data-rl_caption=\"\" title=\"\"><img loading=\"lazy\" decoding=\"async\" class=\"alignnone size-full wp-image-202\" alt=\"nuages lune avion 2000\" src=\"http:\/\/jlggb.net\/blog4\/wp-content\/uploads\/2013\/12\/nuages-lune-avion-2000.jpg\" width=\"640\" height=\"480\" srcset=\"http:\/\/jlggb.net\/blog4\/wp-content\/uploads\/2013\/12\/nuages-lune-avion-2000.jpg 2000w, http:\/\/jlggb.net\/blog4\/wp-content\/uploads\/2013\/12\/nuages-lune-avion-2000-200x150.jpg 200w, http:\/\/jlggb.net\/blog4\/wp-content\/uploads\/2013\/12\/nuages-lune-avion-2000-400x300.jpg 400w, http:\/\/jlggb.net\/blog4\/wp-content\/uploads\/2013\/12\/nuages-lune-avion-2000-150x112.jpg 150w\" sizes=\"auto, (max-width: 640px) 100vw, 640px\" \/><\/a><br \/>\nDimanche 15 d\u00e9cembre 2013, 22h 18mn 05s, venant de Gen\u00e8ve sur l&rsquo;autoroute A41, au km 154, peu avant le tunnel du Mont Sion, \u00e0 la borne d&rsquo;urgence dont les coordonn\u00e9es terrestres sont&nbsp;: + 46\u00b0 6&prime; 3.64&Prime;, + 6\u00b0 5&prime; 30.40&Prime;. La lune et pas mal d&rsquo;\u00e9toiles devaient \u00eatre photographi\u00e9es, avec les nuages. Le moteur arr\u00eat\u00e9, mais avec les feux de d\u00e9tresse, la radio continuait \u00e0 diffuser la lecture que fit Pierre Arditi, \u00e0 Avignon en juillet 1994, de <em>La Lettre sur les aveugles<\/em> de Diderot. La photo r\u00e9v\u00e8le une avion, avec un phare rouge et une tra\u00een\u00e9e blanche.<\/p>\n","protected":false},"excerpt":{"rendered":"<p>Dimanche 15 d\u00e9cembre 2013, 22h 18mn 05s, venant de Gen\u00e8ve sur l&rsquo;autoroute A41, au km 154, peu avant le tunnel du Mont Sion, \u00e0 la borne d&rsquo;urgence dont les coordonn\u00e9es terrestres sont&nbsp;: + 46\u00b0 6&prime; 3.64&Prime;, + 6\u00b0 5&prime; 30.40&Prime;. La lune et pas mal d&rsquo;\u00e9toiles devaient \u00eatre photographi\u00e9es, avec les nuages. Le moteur arr\u00eat\u00e9, &hellip; <a href=\"http:\/\/jlggb.net\/blog4\/?p=200\" class=\"more-link\">Continuer la lecture de <span class=\"screen-reader-text\">+ 46\u00b0 6&prime; 3.64&Prime;, + 6\u00b0 5&prime; 30.40&Prime; \/ 15-12-2013, 22h 18mn 05s<\/span><\/a><\/p>\n","protected":false},"author":1,"featured_media":0,"comment_status":"closed","ping_status":"closed","sticky":false,"template":"","format":"standard","meta":{"footnotes":""},"categories":[129,152,101],"tags":[133,45,131],"class_list":["post-200","post","type-post","status-publish","format-standard","hentry","category-ciels","category-lumiere","category-notation","tag-etoiles","tag-lune","tag-nuit"],"_links":{"self":[{"href":"http:\/\/jlggb.net\/blog4\/index.php?rest_route=\/wp\/v2\/posts\/200","targetHints":{"allow":["GET"]}}],"collection":[{"href":"http:\/\/jlggb.net\/blog4\/index.php?rest_route=\/wp\/v2\/posts"}],"about":[{"href":"http:\/\/jlggb.net\/blog4\/index.php?rest_route=\/wp\/v2\/types\/post"}],"author":[{"embeddable":true,"href":"http:\/\/jlggb.net\/blog4\/index.php?rest_route=\/wp\/v2\/users\/1"}],"replies":[{"embeddable":true,"href":"http:\/\/jlggb.net\/blog4\/index.php?rest_route=%2Fwp%2Fv2%2Fcomments&post=200"}],"version-history":[{"count":1,"href":"http:\/\/jlggb.net\/blog4\/index.php?rest_route=\/wp\/v2\/posts\/200\/revisions"}],"predecessor-version":[{"id":3871,"href":"http:\/\/jlggb.net\/blog4\/index.php?rest_route=\/wp\/v2\/posts\/200\/revisions\/3871"}],"wp:attachment":[{"href":"http:\/\/jlggb.net\/blog4\/index.php?rest_route=%2Fwp%2Fv2%2Fmedia&parent=200"}],"wp:term":[{"taxonomy":"category","embeddable":true,"href":"http:\/\/jlggb.net\/blog4\/index.php?rest_route=%2Fwp%2Fv2%2Fcategories&post=200"},{"taxonomy":"post_tag","embeddable":true,"href":"http:\/\/jlggb.net\/blog4\/index.php?rest_route=%2Fwp%2Fv2%2Ftags&post=200"}],"curies":[{"name":"wp","href":"https:\/\/api.w.org\/{rel}","templated":true}]}}