{"id":1793,"date":"2014-08-16T13:45:17","date_gmt":"2014-08-16T11:45:17","guid":{"rendered":"http:\/\/jlggb.net\/blog4\/?p=1793"},"modified":"2014-09-05T22:55:15","modified_gmt":"2014-09-05T20:55:15","slug":"jai-reve-dun-autre-monde","status":"publish","type":"post","link":"http:\/\/jlggb.net\/blog4\/?p=1793","title":{"rendered":"J&rsquo;ai r\u00eav\u00e9 d&rsquo;un autre monde"},"content":{"rendered":"<p><a href=\"http:\/\/jlggb.net\/blog4\/wp-content\/uploads\/2014\/08\/leveque-neon-rouge-avignon.jpg\" data-rel=\"lightbox-gallery-DG0kzORK\" data-imagelightbox=\"0\" data-rl_title=\"\" data-rl_caption=\"\" title=\"\"><img loading=\"lazy\" decoding=\"async\" class=\"alignnone size-full wp-image-1794\" src=\"http:\/\/jlggb.net\/blog4\/wp-content\/uploads\/2014\/08\/leveque-neon-rouge-avignon.jpg\" alt=\"leveque neon rouge avignon\" width=\"640\" height=\"480\" srcset=\"http:\/\/jlggb.net\/blog4\/wp-content\/uploads\/2014\/08\/leveque-neon-rouge-avignon.jpg 2000w, http:\/\/jlggb.net\/blog4\/wp-content\/uploads\/2014\/08\/leveque-neon-rouge-avignon-200x150.jpg 200w, http:\/\/jlggb.net\/blog4\/wp-content\/uploads\/2014\/08\/leveque-neon-rouge-avignon-400x300.jpg 400w, http:\/\/jlggb.net\/blog4\/wp-content\/uploads\/2014\/08\/leveque-neon-rouge-avignon-150x112.jpg 150w\" sizes=\"auto, (max-width: 640px) 100vw, 640px\" \/><\/a><br \/>\nSamedi 16 ao\u00fbt 2014, 13h45, Avignon, prison Sainte-Anne, exposition \u00ab&nbsp;La disparition des lucioles&nbsp;\u00bb, collection Lambert. Claude L\u00e9v\u00eaque (1953), <em>J&rsquo;ai r\u00eav\u00e9 d&rsquo;un autre monde<\/em>, 2001, n\u00e9on, brouillard, son. De la collection Lambert pr\u00e9sent\u00e9e jusqu&rsquo;alors \u00e0 l&rsquo;h\u00f4tel de Caumont, c&rsquo;est un classique. Qui trouve particuli\u00e8rement son sens ici dans un couloir de la prison.<\/p>\n","protected":false},"excerpt":{"rendered":"<p>Samedi 16 ao\u00fbt 2014, 13h45, Avignon, prison Sainte-Anne, exposition \u00ab&nbsp;La disparition des lucioles&nbsp;\u00bb, collection Lambert. Claude L\u00e9v\u00eaque (1953), J&rsquo;ai r\u00eav\u00e9 d&rsquo;un autre monde, 2001, n\u00e9on, brouillard, son. De la collection Lambert pr\u00e9sent\u00e9e jusqu&rsquo;alors \u00e0 l&rsquo;h\u00f4tel de Caumont, c&rsquo;est un classique. Qui trouve particuli\u00e8rement son sens ici dans un couloir de la prison.<\/p>\n","protected":false},"author":1,"featured_media":0,"comment_status":"closed","ping_status":"closed","sticky":false,"template":"","format":"standard","meta":{"footnotes":""},"categories":[254,142,111,152],"tags":[363,366,364],"class_list":["post-1793","post","type-post","status-publish","format-standard","hentry","category-art","category-couleur","category-exposition","category-lumiere","tag-avignon","tag-claude-leveque","tag-yvon-lambert"],"_links":{"self":[{"href":"http:\/\/jlggb.net\/blog4\/index.php?rest_route=\/wp\/v2\/posts\/1793","targetHints":{"allow":["GET"]}}],"collection":[{"href":"http:\/\/jlggb.net\/blog4\/index.php?rest_route=\/wp\/v2\/posts"}],"about":[{"href":"http:\/\/jlggb.net\/blog4\/index.php?rest_route=\/wp\/v2\/types\/post"}],"author":[{"embeddable":true,"href":"http:\/\/jlggb.net\/blog4\/index.php?rest_route=\/wp\/v2\/users\/1"}],"replies":[{"embeddable":true,"href":"http:\/\/jlggb.net\/blog4\/index.php?rest_route=%2Fwp%2Fv2%2Fcomments&post=1793"}],"version-history":[{"count":0,"href":"http:\/\/jlggb.net\/blog4\/index.php?rest_route=\/wp\/v2\/posts\/1793\/revisions"}],"wp:attachment":[{"href":"http:\/\/jlggb.net\/blog4\/index.php?rest_route=%2Fwp%2Fv2%2Fmedia&parent=1793"}],"wp:term":[{"taxonomy":"category","embeddable":true,"href":"http:\/\/jlggb.net\/blog4\/index.php?rest_route=%2Fwp%2Fv2%2Fcategories&post=1793"},{"taxonomy":"post_tag","embeddable":true,"href":"http:\/\/jlggb.net\/blog4\/index.php?rest_route=%2Fwp%2Fv2%2Ftags&post=1793"}],"curies":[{"name":"wp","href":"https:\/\/api.w.org\/{rel}","templated":true}]}}