{"id":1700,"date":"2014-08-06T13:00:29","date_gmt":"2014-08-06T11:00:29","guid":{"rendered":"http:\/\/jlggb.net\/blog4\/?p=1700"},"modified":"2014-08-10T23:08:50","modified_gmt":"2014-08-10T21:08:50","slug":"lescalier-du-clarte","status":"publish","type":"post","link":"http:\/\/jlggb.net\/blog4\/?p=1700","title":{"rendered":"L&rsquo;escalier du Clart\u00e9"},"content":{"rendered":"<p><a href=\"http:\/\/jlggb.net\/blog4\/wp-content\/uploads\/2014\/08\/clarte-ciel.jpg\" data-rel=\"lightbox-gallery-iR4O9iRo\" data-imagelightbox=\"0\" data-rl_title=\"\" data-rl_caption=\"\" title=\"\"><img loading=\"lazy\" decoding=\"async\" src=\"http:\/\/jlggb.net\/blog4\/wp-content\/uploads\/2014\/08\/clarte-ciel.jpg\" alt=\"clarte ciel\" width=\"640\" height=\"480\" class=\"alignnone size-full wp-image-1703\" srcset=\"http:\/\/jlggb.net\/blog4\/wp-content\/uploads\/2014\/08\/clarte-ciel.jpg 2000w, http:\/\/jlggb.net\/blog4\/wp-content\/uploads\/2014\/08\/clarte-ciel-200x150.jpg 200w, http:\/\/jlggb.net\/blog4\/wp-content\/uploads\/2014\/08\/clarte-ciel-400x300.jpg 400w, http:\/\/jlggb.net\/blog4\/wp-content\/uploads\/2014\/08\/clarte-ciel-150x112.jpg 150w\" sizes=\"auto, (max-width: 640px) 100vw, 640px\" \/><\/a><br \/>\n<a href=\"http:\/\/jlggb.net\/blog4\/wp-content\/uploads\/2014\/08\/clarte-escalier.jpg\" data-rel=\"lightbox-gallery-iR4O9iRo\" data-imagelightbox=\"1\" data-rl_title=\"\" data-rl_caption=\"\" title=\"\"><img loading=\"lazy\" decoding=\"async\" src=\"http:\/\/jlggb.net\/blog4\/wp-content\/uploads\/2014\/08\/clarte-escalier.jpg\" alt=\"clarte escalier\" width=\"640\" height=\"480\" class=\"alignnone size-full wp-image-1704\" srcset=\"http:\/\/jlggb.net\/blog4\/wp-content\/uploads\/2014\/08\/clarte-escalier.jpg 2000w, http:\/\/jlggb.net\/blog4\/wp-content\/uploads\/2014\/08\/clarte-escalier-200x150.jpg 200w, http:\/\/jlggb.net\/blog4\/wp-content\/uploads\/2014\/08\/clarte-escalier-400x300.jpg 400w, http:\/\/jlggb.net\/blog4\/wp-content\/uploads\/2014\/08\/clarte-escalier-150x112.jpg 150w\" sizes=\"auto, (max-width: 640px) 100vw, 640px\" \/><\/a><br \/>\n<a href=\"http:\/\/jlggb.net\/blog4\/wp-content\/uploads\/2014\/08\/clarte-poulie.jpg\" data-rel=\"lightbox-gallery-iR4O9iRo\" data-imagelightbox=\"2\" data-rl_title=\"\" data-rl_caption=\"\" title=\"\"><img loading=\"lazy\" decoding=\"async\" src=\"http:\/\/jlggb.net\/blog4\/wp-content\/uploads\/2014\/08\/clarte-poulie.jpg\" alt=\"clarte poulie\" width=\"640\" height=\"480\" class=\"alignnone size-full wp-image-1702\" srcset=\"http:\/\/jlggb.net\/blog4\/wp-content\/uploads\/2014\/08\/clarte-poulie.jpg 2000w, http:\/\/jlggb.net\/blog4\/wp-content\/uploads\/2014\/08\/clarte-poulie-200x150.jpg 200w, http:\/\/jlggb.net\/blog4\/wp-content\/uploads\/2014\/08\/clarte-poulie-400x300.jpg 400w, http:\/\/jlggb.net\/blog4\/wp-content\/uploads\/2014\/08\/clarte-poulie-150x112.jpg 150w\" sizes=\"auto, (max-width: 640px) 100vw, 640px\" \/><\/a><br \/>\nMercredi 6 ao\u00fbt 2014, 13h, Gen\u00e8ve. De l&rsquo;immeuble Clart\u00e9 de Le Corbusier et Pierre Jeanneret (1931 \u2014 1932), rue Adrien Lachenal, deux peintres en b\u00e2timent nous ouvrent la porte. L&rsquo;escalier transparent se pr\u00e9sente \u00e0 nous, avec ses marches de verre et sa structure d&rsquo;acier \u2014 comme tout le b\u00e2timent \u2014, un luminaire en forme de tige m\u00e9tallique suspendue \u00e0 une roulette qui permet de la rapprocher des paliers pour en changer les ampoules. Voir&nbsp;: <a href=\"http:\/\/jlggb.net\/blog\/?p=6260\" target=\"_blank\">http:\/\/jlggb.net\/blog\/?p=6260<\/a><\/p>\n","protected":false},"excerpt":{"rendered":"<p>Mercredi 6 ao\u00fbt 2014, 13h, Gen\u00e8ve. De l&rsquo;immeuble Clart\u00e9 de Le Corbusier et Pierre Jeanneret (1931 \u2014 1932), rue Adrien Lachenal, deux peintres en b\u00e2timent nous ouvrent la porte. L&rsquo;escalier transparent se pr\u00e9sente \u00e0 nous, avec ses marches de verre et sa structure d&rsquo;acier \u2014 comme tout le b\u00e2timent \u2014, un luminaire en forme de &hellip; <a href=\"http:\/\/jlggb.net\/blog4\/?p=1700\" class=\"more-link\">Continuer la lecture de <span class=\"screen-reader-text\">L&rsquo;escalier du Clart\u00e9<\/span><\/a><\/p>\n","protected":false},"author":1,"featured_media":0,"comment_status":"closed","ping_status":"closed","sticky":false,"template":"","format":"standard","meta":{"footnotes":""},"categories":[254,256,152],"tags":[279,58,353],"class_list":["post-1700","post","type-post","status-publish","format-standard","hentry","category-art","category-histoire","category-lumiere","tag-escalier","tag-geneve","tag-le-corbusier"],"_links":{"self":[{"href":"http:\/\/jlggb.net\/blog4\/index.php?rest_route=\/wp\/v2\/posts\/1700","targetHints":{"allow":["GET"]}}],"collection":[{"href":"http:\/\/jlggb.net\/blog4\/index.php?rest_route=\/wp\/v2\/posts"}],"about":[{"href":"http:\/\/jlggb.net\/blog4\/index.php?rest_route=\/wp\/v2\/types\/post"}],"author":[{"embeddable":true,"href":"http:\/\/jlggb.net\/blog4\/index.php?rest_route=\/wp\/v2\/users\/1"}],"replies":[{"embeddable":true,"href":"http:\/\/jlggb.net\/blog4\/index.php?rest_route=%2Fwp%2Fv2%2Fcomments&post=1700"}],"version-history":[{"count":0,"href":"http:\/\/jlggb.net\/blog4\/index.php?rest_route=\/wp\/v2\/posts\/1700\/revisions"}],"wp:attachment":[{"href":"http:\/\/jlggb.net\/blog4\/index.php?rest_route=%2Fwp%2Fv2%2Fmedia&parent=1700"}],"wp:term":[{"taxonomy":"category","embeddable":true,"href":"http:\/\/jlggb.net\/blog4\/index.php?rest_route=%2Fwp%2Fv2%2Fcategories&post=1700"},{"taxonomy":"post_tag","embeddable":true,"href":"http:\/\/jlggb.net\/blog4\/index.php?rest_route=%2Fwp%2Fv2%2Ftags&post=1700"}],"curies":[{"name":"wp","href":"https:\/\/api.w.org\/{rel}","templated":true}]}}