{"id":157,"date":"2013-12-11T23:59:49","date_gmt":"2013-12-11T22:59:49","guid":{"rendered":"http:\/\/jlggb.net\/blog4\/?p=157"},"modified":"2014-01-29T03:30:25","modified_gmt":"2014-01-29T02:30:25","slug":"des-archives-les-charbonniers","status":"publish","type":"post","link":"http:\/\/jlggb.net\/blog4\/?p=157","title":{"rendered":"Des collections : Les charbonniers"},"content":{"rendered":"<p><a href=\"http:\/\/jlggb.net\/blog4\/wp-content\/uploads\/2013\/12\/les-charbonniers-1892.jpg\" data-rel=\"lightbox-gallery-ayW2qiV2\" data-imagelightbox=\"0\" data-rl_title=\"\" data-rl_caption=\"\" title=\"\"><img loading=\"lazy\" decoding=\"async\" class=\"alignnone size-full wp-image-164\" alt=\"les charbonniers 1892\" src=\"http:\/\/jlggb.net\/blog4\/wp-content\/uploads\/2013\/12\/les-charbonniers-1892.jpg\" width=\"640\" height=\"511\" srcset=\"http:\/\/jlggb.net\/blog4\/wp-content\/uploads\/2013\/12\/les-charbonniers-1892.jpg 2000w, http:\/\/jlggb.net\/blog4\/wp-content\/uploads\/2013\/12\/les-charbonniers-1892-187x150.jpg 187w, http:\/\/jlggb.net\/blog4\/wp-content\/uploads\/2013\/12\/les-charbonniers-1892-375x300.jpg 375w, http:\/\/jlggb.net\/blog4\/wp-content\/uploads\/2013\/12\/les-charbonniers-1892-1879x1500.jpg 1879w, http:\/\/jlggb.net\/blog4\/wp-content\/uploads\/2013\/12\/les-charbonniers-1892-150x119.jpg 150w\" sizes=\"auto, (max-width: 640px) 100vw, 640px\" \/><\/a><br \/>\nMercredi 11 d\u00e9cembre 2013, 23h59, 93bis. Co\u00efncidence (<em>superposition<\/em>)&nbsp;: alors que je pr\u00e9voyais de publier la reproduction d&rsquo;une petite peinture (huile sur toile, 32 x 40 cm, un peu rapi\u00e9c\u00e9e) achet\u00e9e en 1985 aux puces de la porte de Montreuil, repr\u00e9sentant des charbonniers dans une for\u00eat (o\u00f9&nbsp;? Un tableau d&rsquo;un style \u00c9cole de Barbizon tardif, version documentaire, dat\u00e9e de 1892, sign\u00e9 Andr\u00e9 Robert \u2014 peut-\u00eatre), j&rsquo;entends fortuitement \u00e0 la radio la rediffusion d&rsquo;un documentaire de 1977 intitul\u00e9 <a href=\"http:\/\/www.franceculture.fr\/emission-sur-les-docks-\u00ab-promenade-en-ardennes-\u00bb-2013-12-11\" target=\"_blank\">\u00ab\u00a0Promenade en Ardennes\u00a0\u00bb<\/a> et sign\u00e9 Michel Bichebois. C&rsquo;est un morceau d&rsquo;anthologie, en particulier pour sa s\u00e9quence finale, un entretien avec \u00ab\u00a0le dernier des charbonniers \u2014 ou fondeux \u2014\u00a0ardennais\u00a0\u00bb. Il se nomme Agapit Delmont \u2014 Agapit tout court \u2014, \u00ab\u00a0homme des bois et philosophe, observateur scientifique de la nature et po\u00e8te, bricoleur hors pair et mystique\u00a0\u00bb, c&rsquo;est ce que je trouve sur Internet. Il \u00e9tait aussi sacristain de l&rsquo;\u00e9glise des Hauts-Butt\u00e9s. Il est rest\u00e9 l\u00e0 toute sa vie, de 1928 \u00e0 1979. Ses phrases douces sont ponctu\u00e9es de \u00ab\u00a0Voyez-vous\u00a0\u00bb et \u00ab\u00a0Comprenez-vous\u00a0\u00bb. Il \u00e9voque les arbres, le travail du bois, les bruits, les odeurs\u00a0: \u00ab\u00a0le parfum du bois sci\u00e9 en ressortait plus volontiers. [\u2026] \u00c7a marche par bouton aujourd&rsquo;hui\u00a0\u00bb. Et encore\u00a0: \u00ab\u00a0La vie civilis\u00e9e d&rsquo;aujourd&rsquo;hui provient du bois.\u00a0\u00bb Je d\u00e9couvre que c&rsquo;est dans le m\u00eame lieu, tout pr\u00e8s de la fronti\u00e8re belge, que Julien Gracq situe son roman <em>Un Balcon en for\u00eat<\/em> \u2014 quatre soldats dans la \u00ab\u00a0dr\u00f4le de guerre\u00a0\u00bb \u2014 que nous avons connu \u00e0 travers la belle adaptation au cin\u00e9ma de Michel Mitrani, en 1979.<br \/>\n\u00c9couter l&rsquo;extrait&nbsp;: <a href=\"http:\/\/jlggb.net\/blog4\/wp-mp3\/Promenade en Ardennes extrait.mp3\">http:\/\/jlggb.net\/blog4\/wp-mp3\/Promenade en Ardennes extrait.mp3<\/a><\/p>\n","protected":false},"excerpt":{"rendered":"<p>Mercredi 11 d\u00e9cembre 2013, 23h59, 93bis. Co\u00efncidence (superposition)&nbsp;: alors que je pr\u00e9voyais de publier la reproduction d&rsquo;une petite peinture (huile sur toile, 32 x 40 cm, un peu rapi\u00e9c\u00e9e) achet\u00e9e en 1985 aux puces de la porte de Montreuil, repr\u00e9sentant des charbonniers dans une for\u00eat (o\u00f9&nbsp;? Un tableau d&rsquo;un style \u00c9cole de Barbizon tardif, version &hellip; <a href=\"http:\/\/jlggb.net\/blog4\/?p=157\" class=\"more-link\">Continuer la lecture de <span class=\"screen-reader-text\">Des collections : Les charbonniers<\/span><\/a><\/p>\n","protected":false},"author":1,"featured_media":0,"comment_status":"closed","ping_status":"closed","sticky":false,"template":"","format":"standard","meta":{"footnotes":""},"categories":[138,97,123,128,122],"tags":[124,125,127,126],"class_list":["post-157","post","type-post","status-publish","format-standard","hentry","category-des-collections","category-langage","category-peinture","category-radio-2","category-superposition","tag-ardennes","tag-charbonnier","tag-peinture-2","tag-radio"],"_links":{"self":[{"href":"http:\/\/jlggb.net\/blog4\/index.php?rest_route=\/wp\/v2\/posts\/157","targetHints":{"allow":["GET"]}}],"collection":[{"href":"http:\/\/jlggb.net\/blog4\/index.php?rest_route=\/wp\/v2\/posts"}],"about":[{"href":"http:\/\/jlggb.net\/blog4\/index.php?rest_route=\/wp\/v2\/types\/post"}],"author":[{"embeddable":true,"href":"http:\/\/jlggb.net\/blog4\/index.php?rest_route=\/wp\/v2\/users\/1"}],"replies":[{"embeddable":true,"href":"http:\/\/jlggb.net\/blog4\/index.php?rest_route=%2Fwp%2Fv2%2Fcomments&post=157"}],"version-history":[{"count":0,"href":"http:\/\/jlggb.net\/blog4\/index.php?rest_route=\/wp\/v2\/posts\/157\/revisions"}],"wp:attachment":[{"href":"http:\/\/jlggb.net\/blog4\/index.php?rest_route=%2Fwp%2Fv2%2Fmedia&parent=157"}],"wp:term":[{"taxonomy":"category","embeddable":true,"href":"http:\/\/jlggb.net\/blog4\/index.php?rest_route=%2Fwp%2Fv2%2Fcategories&post=157"},{"taxonomy":"post_tag","embeddable":true,"href":"http:\/\/jlggb.net\/blog4\/index.php?rest_route=%2Fwp%2Fv2%2Ftags&post=157"}],"curies":[{"name":"wp","href":"https:\/\/api.w.org\/{rel}","templated":true}]}}