{"id":1565,"date":"2014-07-14T17:30:51","date_gmt":"2014-07-14T15:30:51","guid":{"rendered":"http:\/\/jlggb.net\/blog4\/?p=1565"},"modified":"2020-09-05T21:51:43","modified_gmt":"2020-09-05T20:51:43","slug":"medical-decoratif-racinien","status":"publish","type":"post","link":"http:\/\/jlggb.net\/blog4\/?p=1565","title":{"rendered":"M\u00e9dical, d\u00e9coratif, racinien"},"content":{"rendered":"<p><a href=\"http:\/\/jlggb.net\/blog4\/wp-content\/uploads\/2014\/07\/ailante-racine.jpg\" data-rel=\"lightbox-gallery-x7kHY71O\" data-imagelightbox=\"0\" data-rl_title=\"\" data-rl_caption=\"\" title=\"\"><img loading=\"lazy\" decoding=\"async\" class=\"alignnone size-full wp-image-1569\" src=\"http:\/\/jlggb.net\/blog4\/wp-content\/uploads\/2014\/07\/ailante-racine.jpg\" alt=\"ailante racine\" width=\"640\" height=\"480\" srcset=\"http:\/\/jlggb.net\/blog4\/wp-content\/uploads\/2014\/07\/ailante-racine.jpg 2000w, http:\/\/jlggb.net\/blog4\/wp-content\/uploads\/2014\/07\/ailante-racine-200x150.jpg 200w, http:\/\/jlggb.net\/blog4\/wp-content\/uploads\/2014\/07\/ailante-racine-400x300.jpg 400w, http:\/\/jlggb.net\/blog4\/wp-content\/uploads\/2014\/07\/ailante-racine-150x112.jpg 150w\" sizes=\"auto, (max-width: 640px) 100vw, 640px\" \/><\/a><br \/>\nLundi 14 juillet 2014, 17h30, rue Racine, Paris 6e. Dans l&rsquo;intervalle entre la vieille et belle fa\u00e7ade marqu\u00e9e \u00c9cole Royale Sp\u00e9ciale de Dessin \u2014 l&rsquo;anc\u00eatre de notre \u00c9cole nationale sup\u00e9rieure des arts d\u00e9coratifs, cr\u00e9\u00e9e en 1765 \u2014, et l&rsquo;arri\u00e8re de l&rsquo;\u00c9cole de m\u00e9decine \u2014 et du r\u00e9fectoire des Cordeliers \u2014, un arbre jaillit vers le ciel. C&rsquo;est un \u00ab\u00a0monte-aux-cieux\u00a0\u00bb, un ailante. La description courante de cet arbre, \u00ab\u00a0esp\u00e8ce introduite au 18e si\u00e8cle, naturalis\u00e9e en France, envahissante\u00a0\u00bb, dit&nbsp;: \u00ab\u00a0feuille pubescente et glanduleuse \u00bb; \u00ab\u00a0odeur d\u00e9sagr\u00e9able\u00a0\u00bb; \u00ab\u00a0x\u00e9rophile \u00e0 m\u00e9sohygrophile (capables de survivre \u00e0 une s\u00e9cheresse)\u00a0\u00bb; \u00ab\u00a0profite des catastrophes naturelles en for\u00eat (temp\u00eates, insectes d\u00e9foliateurs, etc.) pour prolif\u00e9rer\u00a0\u00bb; \u00ab\u00a0capacit\u00e9 invasive dans des trou\u00e9es ne b\u00e9n\u00e9ficiant que d\u2019un faible \u00e9clairement\u00a0\u00bb; \u00ab\u00a0croissance exceptionnellement rapide\u00a0\u00bb; \u00ab\u00a0propri\u00e9t\u00e9s all\u00e9lopathiques\u00a0\u00bb; \u00ab\u00a0la m\u00e9decine chinoise utilise l\u2019\u00e9corce, les fruits ou les racines pour le traitement de diff\u00e9rentes affections (maladies nerveuses, dysenterie&#8230;)\u00a0\u00bb; \u00ab\u00a0les feuilles ont \u00e9t\u00e9 utilis\u00e9es pour la production de soie \u00e0 partir des cocons d\u2019une larve de papillon parasite, le bombyx de l\u2019ailante samia cynthia\u00a0\u00bb; \u00ab\u00a0donne un miel au go\u00fbt musqu\u00e9\u00a0\u00bb; \u00ab\u00a0l\u2019\u00e9corce et les feuilles pouvant provoquer des irritations allergiques, il est pr\u00e9f\u00e9rable que les manipulations de l\u2019ailante glanduleux se fassent avec des gants\u00a0\u00bb; \u00ab\u00a0tous les d\u00e9bris v\u00e9g\u00e9taux d\u2019ailante devront \u00eatre br\u00fbl\u00e9s et non compost\u00e9s et encore moins laiss\u00e9s simplement en l\u2019\u00e9tat, de fa\u00e7on \u00e0 ne pas favoriser la diss\u00e9mination des graines ou la reproduction v\u00e9g\u00e9tative \u00e0 partir de fragments de racines\u00a0\u00bb; \u00ab\u00a0l\u2019ailante poss\u00e8de d\u2019innombrables facult\u00e9s biologiques lui permettant d\u2019interf\u00e9rer sur la croissance et la survie d\u2019autres esp\u00e8ces\u00a0\u00bb; etc.<br \/>\nExemple d&rsquo;un document&nbsp;: <a href=\"http:\/\/hal.archives-ouvertes.fr\/docs\/00\/47\/32\/67\/PDF\/NO2009-PUB00028261.pdf\" target=\"_blank\" rel=\"noopener\">http:\/\/hal.archives-ouvertes.fr\/docs\/00\/47\/32\/67\/PDF\/NO2009-PUB00028261.pdf<\/a><br \/>\nVoir&nbsp;: \u00ab\u00a0Immigr\u00e9\u00a0\u00bb, <a href=\"http:\/\/jlggb.net\/blog4\/?p=1403\" target=\"_blank\" rel=\"noopener\">http:\/\/jlggb.net\/blog4\/?p=1403<\/a><\/p>\n","protected":false},"excerpt":{"rendered":"<p>Lundi 14 juillet 2014, 17h30, rue Racine, Paris 6e. Dans l&rsquo;intervalle entre la vieille et belle fa\u00e7ade marqu\u00e9e \u00c9cole Royale Sp\u00e9ciale de Dessin \u2014 l&rsquo;anc\u00eatre de notre \u00c9cole nationale sup\u00e9rieure des arts d\u00e9coratifs, cr\u00e9\u00e9e en 1765 \u2014, et l&rsquo;arri\u00e8re de l&rsquo;\u00c9cole de m\u00e9decine \u2014 et du r\u00e9fectoire des Cordeliers \u2014, un arbre jaillit vers le &hellip; <a href=\"http:\/\/jlggb.net\/blog4\/?p=1565\" class=\"more-link\">Continuer la lecture de <span class=\"screen-reader-text\">M\u00e9dical, d\u00e9coratif, racinien<\/span><\/a><\/p>\n","protected":false},"author":1,"featured_media":0,"comment_status":"closed","ping_status":"closed","sticky":false,"template":"","format":"standard","meta":{"footnotes":""},"categories":[256,97,8],"tags":[332],"class_list":["post-1565","post","type-post","status-publish","format-standard","hentry","category-histoire","category-langage","category-plantes","tag-ailante"],"_links":{"self":[{"href":"http:\/\/jlggb.net\/blog4\/index.php?rest_route=\/wp\/v2\/posts\/1565","targetHints":{"allow":["GET"]}}],"collection":[{"href":"http:\/\/jlggb.net\/blog4\/index.php?rest_route=\/wp\/v2\/posts"}],"about":[{"href":"http:\/\/jlggb.net\/blog4\/index.php?rest_route=\/wp\/v2\/types\/post"}],"author":[{"embeddable":true,"href":"http:\/\/jlggb.net\/blog4\/index.php?rest_route=\/wp\/v2\/users\/1"}],"replies":[{"embeddable":true,"href":"http:\/\/jlggb.net\/blog4\/index.php?rest_route=%2Fwp%2Fv2%2Fcomments&post=1565"}],"version-history":[{"count":1,"href":"http:\/\/jlggb.net\/blog4\/index.php?rest_route=\/wp\/v2\/posts\/1565\/revisions"}],"predecessor-version":[{"id":3848,"href":"http:\/\/jlggb.net\/blog4\/index.php?rest_route=\/wp\/v2\/posts\/1565\/revisions\/3848"}],"wp:attachment":[{"href":"http:\/\/jlggb.net\/blog4\/index.php?rest_route=%2Fwp%2Fv2%2Fmedia&parent=1565"}],"wp:term":[{"taxonomy":"category","embeddable":true,"href":"http:\/\/jlggb.net\/blog4\/index.php?rest_route=%2Fwp%2Fv2%2Fcategories&post=1565"},{"taxonomy":"post_tag","embeddable":true,"href":"http:\/\/jlggb.net\/blog4\/index.php?rest_route=%2Fwp%2Fv2%2Ftags&post=1565"}],"curies":[{"name":"wp","href":"https:\/\/api.w.org\/{rel}","templated":true}]}}