{"id":1527,"date":"2014-07-12T18:00:29","date_gmt":"2014-07-12T16:00:29","guid":{"rendered":"http:\/\/jlggb.net\/blog4\/?p=1527"},"modified":"2014-07-15T22:00:27","modified_gmt":"2014-07-15T20:00:27","slug":"pavillon-au-soleil","status":"publish","type":"post","link":"http:\/\/jlggb.net\/blog4\/?p=1527","title":{"rendered":"Pavillon au soleil"},"content":{"rendered":"<p><a href=\"http:\/\/jlggb.net\/blog4\/wp-content\/uploads\/2014\/07\/pays-bas-hublot.jpg\" data-rel=\"lightbox-gallery-L1rzKqwG\" data-imagelightbox=\"0\" data-rl_title=\"\" data-rl_caption=\"\" title=\"\"><img loading=\"lazy\" decoding=\"async\" class=\"alignnone size-full wp-image-1529\" src=\"http:\/\/jlggb.net\/blog4\/wp-content\/uploads\/2014\/07\/pays-bas-hublot.jpg\" alt=\"pays bas hublot\" width=\"640\" height=\"480\" \/><\/a><br \/>\n<a href=\"http:\/\/jlggb.net\/blog4\/wp-content\/uploads\/2014\/07\/pays-bas-verre.jpg\" data-rel=\"lightbox-gallery-L1rzKqwG\" data-imagelightbox=\"1\" data-rl_title=\"\" data-rl_caption=\"\" title=\"\"><img loading=\"lazy\" decoding=\"async\" class=\"alignnone size-full wp-image-1528\" src=\"http:\/\/jlggb.net\/blog4\/wp-content\/uploads\/2014\/07\/pays-bas-verre.jpg\" alt=\"pays bas verre\" width=\"640\" height=\"480\" \/><\/a><br \/>\nSamedi 12 juillet 2014, 14h \u2014 16h, Versailles. Solar Decathlon met en comp\u00e9tition dix \u00e9quipes d&rsquo;\u00e9tudiants concevant des maisons qui utilisent seulement l&rsquo;\u00e9nergie solaire. L&rsquo;\u00e9quipe de Delft transforme un pavillon des ann\u00e9es 60&nbsp;: des cylindres en m\u00e9tal descendent la lumi\u00e8re du toit vers les pi\u00e8ces, une v\u00e9randa capte et stocke la chaleur, etc. <a href=\"http:\/\/www.pretaloger.nl\" target=\"_blank\">http:\/\/www.pretaloger.nl<\/a><\/p>\n","protected":false},"excerpt":{"rendered":"<p>Samedi 12 juillet 2014, 14h \u2014 16h, Versailles. Solar Decathlon met en comp\u00e9tition dix \u00e9quipes d&rsquo;\u00e9tudiants concevant des maisons qui utilisent seulement l&rsquo;\u00e9nergie solaire. L&rsquo;\u00e9quipe de Delft transforme un pavillon des ann\u00e9es 60&nbsp;: des cylindres en m\u00e9tal descendent la lumi\u00e8re du toit vers les pi\u00e8ces, une v\u00e9randa capte et stocke la chaleur, etc. http:\/\/www.pretaloger.nl<\/p>\n","protected":false},"author":1,"featured_media":0,"comment_status":"closed","ping_status":"closed","sticky":false,"template":"","format":"standard","meta":{"footnotes":""},"categories":[110,111,98],"tags":[335,24],"class_list":["post-1527","post","type-post","status-publish","format-standard","hentry","category-architecture","category-exposition","category-observation","tag-maison","tag-soleil"],"_links":{"self":[{"href":"http:\/\/jlggb.net\/blog4\/index.php?rest_route=\/wp\/v2\/posts\/1527","targetHints":{"allow":["GET"]}}],"collection":[{"href":"http:\/\/jlggb.net\/blog4\/index.php?rest_route=\/wp\/v2\/posts"}],"about":[{"href":"http:\/\/jlggb.net\/blog4\/index.php?rest_route=\/wp\/v2\/types\/post"}],"author":[{"embeddable":true,"href":"http:\/\/jlggb.net\/blog4\/index.php?rest_route=\/wp\/v2\/users\/1"}],"replies":[{"embeddable":true,"href":"http:\/\/jlggb.net\/blog4\/index.php?rest_route=%2Fwp%2Fv2%2Fcomments&post=1527"}],"version-history":[{"count":0,"href":"http:\/\/jlggb.net\/blog4\/index.php?rest_route=\/wp\/v2\/posts\/1527\/revisions"}],"wp:attachment":[{"href":"http:\/\/jlggb.net\/blog4\/index.php?rest_route=%2Fwp%2Fv2%2Fmedia&parent=1527"}],"wp:term":[{"taxonomy":"category","embeddable":true,"href":"http:\/\/jlggb.net\/blog4\/index.php?rest_route=%2Fwp%2Fv2%2Fcategories&post=1527"},{"taxonomy":"post_tag","embeddable":true,"href":"http:\/\/jlggb.net\/blog4\/index.php?rest_route=%2Fwp%2Fv2%2Ftags&post=1527"}],"curies":[{"name":"wp","href":"https:\/\/api.w.org\/{rel}","templated":true}]}}