{"id":1446,"date":"2014-06-22T13:30:04","date_gmt":"2014-06-22T11:30:04","guid":{"rendered":"http:\/\/jlggb.net\/blog4\/?p=1446"},"modified":"2014-07-03T23:54:16","modified_gmt":"2014-07-03T21:54:16","slug":"rosemarie-trockel","status":"publish","type":"post","link":"http:\/\/jlggb.net\/blog4\/?p=1446","title":{"rendered":"Rosemarie Trockel"},"content":{"rendered":"<p><a href=\"http:\/\/jlggb.net\/blog4\/wp-content\/uploads\/2014\/07\/trockel-ceramique.jpg\" data-rel=\"lightbox-gallery-KQhu3dyd\" data-imagelightbox=\"0\" data-rl_title=\"\" data-rl_caption=\"\" title=\"\"><img loading=\"lazy\" decoding=\"async\" src=\"http:\/\/jlggb.net\/blog4\/wp-content\/uploads\/2014\/07\/trockel-ceramique.jpg\" alt=\"trockel-ceramique\" width=\"640\" height=\"480\" class=\"alignnone size-full wp-image-1447\" srcset=\"http:\/\/jlggb.net\/blog4\/wp-content\/uploads\/2014\/07\/trockel-ceramique.jpg 2000w, http:\/\/jlggb.net\/blog4\/wp-content\/uploads\/2014\/07\/trockel-ceramique-200x150.jpg 200w, http:\/\/jlggb.net\/blog4\/wp-content\/uploads\/2014\/07\/trockel-ceramique-400x300.jpg 400w, http:\/\/jlggb.net\/blog4\/wp-content\/uploads\/2014\/07\/trockel-ceramique-150x112.jpg 150w\" sizes=\"auto, (max-width: 640px) 100vw, 640px\" \/><\/a><br \/>\nDimanche 22 juin 2014, 13h30, B\u00e2le, Art Basel. Rosemarie Trockel (1952, Schwerte, Rh\u00e9nanie du Nord), <em>Untitled (Berg s\/w)<\/em>, 2012, c\u00e9ramique, \u00e9mail, galerie Spr\u00fcth Magers, Berlin, Londres.<\/p>\n","protected":false},"excerpt":{"rendered":"<p>Dimanche 22 juin 2014, 13h30, B\u00e2le, Art Basel. Rosemarie Trockel (1952, Schwerte, Rh\u00e9nanie du Nord), Untitled (Berg s\/w), 2012, c\u00e9ramique, \u00e9mail, galerie Spr\u00fcth Magers, Berlin, Londres.<\/p>\n","protected":false},"author":1,"featured_media":0,"comment_status":"closed","ping_status":"closed","sticky":false,"template":"","format":"standard","meta":{"footnotes":""},"categories":[254,111],"tags":[319],"class_list":["post-1446","post","type-post","status-publish","format-standard","hentry","category-art","category-exposition","tag-art-basel"],"_links":{"self":[{"href":"http:\/\/jlggb.net\/blog4\/index.php?rest_route=\/wp\/v2\/posts\/1446","targetHints":{"allow":["GET"]}}],"collection":[{"href":"http:\/\/jlggb.net\/blog4\/index.php?rest_route=\/wp\/v2\/posts"}],"about":[{"href":"http:\/\/jlggb.net\/blog4\/index.php?rest_route=\/wp\/v2\/types\/post"}],"author":[{"embeddable":true,"href":"http:\/\/jlggb.net\/blog4\/index.php?rest_route=\/wp\/v2\/users\/1"}],"replies":[{"embeddable":true,"href":"http:\/\/jlggb.net\/blog4\/index.php?rest_route=%2Fwp%2Fv2%2Fcomments&post=1446"}],"version-history":[{"count":0,"href":"http:\/\/jlggb.net\/blog4\/index.php?rest_route=\/wp\/v2\/posts\/1446\/revisions"}],"wp:attachment":[{"href":"http:\/\/jlggb.net\/blog4\/index.php?rest_route=%2Fwp%2Fv2%2Fmedia&parent=1446"}],"wp:term":[{"taxonomy":"category","embeddable":true,"href":"http:\/\/jlggb.net\/blog4\/index.php?rest_route=%2Fwp%2Fv2%2Fcategories&post=1446"},{"taxonomy":"post_tag","embeddable":true,"href":"http:\/\/jlggb.net\/blog4\/index.php?rest_route=%2Fwp%2Fv2%2Ftags&post=1446"}],"curies":[{"name":"wp","href":"https:\/\/api.w.org\/{rel}","templated":true}]}}