{"id":1403,"date":"2014-06-22T14:00:15","date_gmt":"2014-06-22T12:00:15","guid":{"rendered":"http:\/\/jlggb.net\/blog4\/?p=1403"},"modified":"2014-07-15T22:04:44","modified_gmt":"2014-07-15T20:04:44","slug":"immigre","status":"publish","type":"post","link":"http:\/\/jlggb.net\/blog4\/?p=1403","title":{"rendered":"Immigr\u00e9"},"content":{"rendered":"<p><a href=\"http:\/\/jlggb.net\/blog4\/wp-content\/uploads\/2014\/07\/arbre-immeuble-bale.jpg\" data-rel=\"lightbox-gallery-mDySKa4u\" data-imagelightbox=\"0\" data-rl_title=\"\" data-rl_caption=\"\" title=\"\"><img loading=\"lazy\" decoding=\"async\" class=\"alignnone size-full wp-image-1405\" src=\"http:\/\/jlggb.net\/blog4\/wp-content\/uploads\/2014\/07\/arbre-immeuble-bale.jpg\" alt=\"arbre-immeuble-bale\" width=\"640\" height=\"480\" srcset=\"http:\/\/jlggb.net\/blog4\/wp-content\/uploads\/2014\/07\/arbre-immeuble-bale.jpg 2000w, http:\/\/jlggb.net\/blog4\/wp-content\/uploads\/2014\/07\/arbre-immeuble-bale-200x150.jpg 200w, http:\/\/jlggb.net\/blog4\/wp-content\/uploads\/2014\/07\/arbre-immeuble-bale-400x300.jpg 400w, http:\/\/jlggb.net\/blog4\/wp-content\/uploads\/2014\/07\/arbre-immeuble-bale-150x112.jpg 150w\" sizes=\"auto, (max-width: 640px) 100vw, 640px\" \/><\/a><br \/>\nDimanche 22 juin 2014, 14h, B\u00e2le. En bordure de la partie nord des halls du Centre de foires et de congr\u00e8s \u2014 o\u00f9 se tient Art Basel \u2014, Isteinerstrasse, devant un immeuble de logements populaires \u2014 on y voit des drapeaux portugais et des paraboles, comme dans la rue du Contrat social, quartier Saint-Jean \u00e0 Gen\u00e8ve \u2014, un arbre grand, beau et spectaculaire avec ses grappes de fruits jaunes. D&rsquo;apr\u00e8s ce qu&rsquo;on peut trouver sur le site, tr\u00e8s bien fait, Info Flora, Centre national de donn\u00e9es et d&rsquo;informations sur la flore de Suisse, <a href=\"http:\/\/www.infoflora.ch\/fr\/\" target=\"_blank\">http:\/\/www.infoflora.ch\/fr\/<\/a>, c&rsquo;est probablement un ailante, <em>ailanthus altissima<\/em>, ou \u00ab&nbsp;arbre du Paradis&nbsp;\u00bb, ou \u00ab&nbsp;monte-aux-cieux&nbsp;\u00bb, qu&rsquo;on peut rapprocher des robiniers. Cet arbre rapport\u00e9 de P\u00e9kin au XVIIIe si\u00e8cle, eut beaucoup de succ\u00e8s et fut plant\u00e9 en Europe dans les parcs et les villes. On le consid\u00e8re aujourd&rsquo;hui comme une plante invasive, avec une histoire qui le rapproche de la renou\u00e9e du Japon&nbsp;*. On tend \u00e0 le traiter comme un immigr\u00e9 g\u00eanant. Ici, il y a manifestement une grand attachement entre l&rsquo;arbre et l&rsquo;immeuble.<br \/>\n* Voir&nbsp;: Gilles Cl\u00e9ment, <em>\u00c9loge des vagabondes<\/em>, Robert Laffont, pp. 55-61.<\/p>\n","protected":false},"excerpt":{"rendered":"<p>Dimanche 22 juin 2014, 14h, B\u00e2le. En bordure de la partie nord des halls du Centre de foires et de congr\u00e8s \u2014 o\u00f9 se tient Art Basel \u2014, Isteinerstrasse, devant un immeuble de logements populaires \u2014 on y voit des drapeaux portugais et des paraboles, comme dans la rue du Contrat social, quartier Saint-Jean \u00e0 &hellip; <a href=\"http:\/\/jlggb.net\/blog4\/?p=1403\" class=\"more-link\">Continuer la lecture de <span class=\"screen-reader-text\">Immigr\u00e9<\/span><\/a><\/p>\n","protected":false},"author":1,"featured_media":0,"comment_status":"closed","ping_status":"closed","sticky":false,"template":"","format":"standard","meta":{"footnotes":""},"categories":[110,98,8,122],"tags":[332,238,317],"class_list":["post-1403","post","type-post","status-publish","format-standard","hentry","category-architecture","category-observation","category-plantes","category-superposition","tag-ailante","tag-arbre","tag-bale"],"_links":{"self":[{"href":"http:\/\/jlggb.net\/blog4\/index.php?rest_route=\/wp\/v2\/posts\/1403","targetHints":{"allow":["GET"]}}],"collection":[{"href":"http:\/\/jlggb.net\/blog4\/index.php?rest_route=\/wp\/v2\/posts"}],"about":[{"href":"http:\/\/jlggb.net\/blog4\/index.php?rest_route=\/wp\/v2\/types\/post"}],"author":[{"embeddable":true,"href":"http:\/\/jlggb.net\/blog4\/index.php?rest_route=\/wp\/v2\/users\/1"}],"replies":[{"embeddable":true,"href":"http:\/\/jlggb.net\/blog4\/index.php?rest_route=%2Fwp%2Fv2%2Fcomments&post=1403"}],"version-history":[{"count":0,"href":"http:\/\/jlggb.net\/blog4\/index.php?rest_route=\/wp\/v2\/posts\/1403\/revisions"}],"wp:attachment":[{"href":"http:\/\/jlggb.net\/blog4\/index.php?rest_route=%2Fwp%2Fv2%2Fmedia&parent=1403"}],"wp:term":[{"taxonomy":"category","embeddable":true,"href":"http:\/\/jlggb.net\/blog4\/index.php?rest_route=%2Fwp%2Fv2%2Fcategories&post=1403"},{"taxonomy":"post_tag","embeddable":true,"href":"http:\/\/jlggb.net\/blog4\/index.php?rest_route=%2Fwp%2Fv2%2Ftags&post=1403"}],"curies":[{"name":"wp","href":"https:\/\/api.w.org\/{rel}","templated":true}]}}