{"id":1342,"date":"2014-06-19T18:00:34","date_gmt":"2014-06-19T16:00:34","guid":{"rendered":"http:\/\/jlggb.net\/blog4\/?p=1342"},"modified":"2020-09-05T21:49:11","modified_gmt":"2020-09-05T20:49:11","slug":"la-societe-de-lintermittence","status":"publish","type":"post","link":"http:\/\/jlggb.net\/blog4\/?p=1342","title":{"rendered":"La soci\u00e9t\u00e9 de l&rsquo;intermittence"},"content":{"rendered":"<p><a href=\"http:\/\/jlggb.net\/blog4\/wp-content\/uploads\/2014\/06\/garde-du-nord-sup.jpg\" data-rel=\"lightbox-gallery-gadi5i0D\" data-imagelightbox=\"0\" data-rl_title=\"\" data-rl_caption=\"\" title=\"\"><img loading=\"lazy\" decoding=\"async\" class=\"alignnone size-full wp-image-1343\" src=\"http:\/\/jlggb.net\/blog4\/wp-content\/uploads\/2014\/06\/garde-du-nord-sup.jpg\" alt=\"garde-du-nord-sup\" width=\"640\" height=\"480\" srcset=\"http:\/\/jlggb.net\/blog4\/wp-content\/uploads\/2014\/06\/garde-du-nord-sup.jpg 2000w, http:\/\/jlggb.net\/blog4\/wp-content\/uploads\/2014\/06\/garde-du-nord-sup-200x150.jpg 200w, http:\/\/jlggb.net\/blog4\/wp-content\/uploads\/2014\/06\/garde-du-nord-sup-400x300.jpg 400w, http:\/\/jlggb.net\/blog4\/wp-content\/uploads\/2014\/06\/garde-du-nord-sup-150x112.jpg 150w\" sizes=\"auto, (max-width: 640px) 100vw, 640px\" \/><\/a><br \/>\nJeudi 19 juin 2014, 18h, gare du Nord. La gr\u00e8ve des cheminots met en sc\u00e8ne de nombreux employ\u00e9s aux gilets rouge \u00ab SNCF assistance \u00bb \u2014 et m\u00eame un pianiste qu&rsquo;on ne voit pas sur la photo. Autre tension ailleurs&nbsp;: les intermittents du spectacle. \u00c0 la fin des ann\u00e9es 60, je refusais de m&rsquo;int\u00e9resser \u00e0 La Soci\u00e9t\u00e9 du spectacle de Guy Debord. Je prenais le spectacle comme un espace de libert\u00e9 et un instrument critique. Maintenant que la soci\u00e9t\u00e9 du spectacle est partout, il faut prendre La Soci\u00e9t\u00e9 de l&rsquo;intermittence* comme une chance. D&rsquo;abord pour r\u00e9sister au \u00ab temps r\u00e9el \u00bb \u2014 c&rsquo;est l&rsquo;informatique qui a invent\u00e9 ce terme, pour gouverner les \u00e9v\u00e9nements et le passage du temps.<br \/>\n*\u00a9jlggb<br \/>\n<span style=\"color: #ffffff;\">_<\/span><br \/>\n<a href=\"http:\/\/jlggb.net\/blog4\/wp-content\/uploads\/2014\/06\/j-crary-24-7.jpg\" data-rel=\"lightbox-gallery-gadi5i0D\" data-imagelightbox=\"1\" data-rl_title=\"\" data-rl_caption=\"\" title=\"\"><img loading=\"lazy\" decoding=\"async\" class=\"alignnone size-full wp-image-1381\" src=\"http:\/\/jlggb.net\/blog4\/wp-content\/uploads\/2014\/06\/j-crary-24-7.jpg\" alt=\"j-crary-24-7\" width=\"640\" height=\"480\" srcset=\"http:\/\/jlggb.net\/blog4\/wp-content\/uploads\/2014\/06\/j-crary-24-7.jpg 2000w, http:\/\/jlggb.net\/blog4\/wp-content\/uploads\/2014\/06\/j-crary-24-7-200x150.jpg 200w, http:\/\/jlggb.net\/blog4\/wp-content\/uploads\/2014\/06\/j-crary-24-7-400x300.jpg 400w, http:\/\/jlggb.net\/blog4\/wp-content\/uploads\/2014\/06\/j-crary-24-7-150x112.jpg 150w\" sizes=\"auto, (max-width: 640px) 100vw, 640px\" \/><\/a><br \/>\nIl vient de para\u00eetre en fran\u00e7ais&nbsp;: Jonathan Crary, <em>24\/7. 24\/24 heures sur 24 et 7 jours sur 7&nbsp;: le capitalisme \u00e0 l&rsquo;assaut du sommeil<\/em>, traduit du par Gr\u00e9goire Chamayou, conception graphique&nbsp;: deValence, Zones, La D\u00e9couverte, 140 pages. Il traite de la \u00ab vie sans temps morts \u00bb.<br \/>\nTexte int\u00e9gral&nbsp;: <a href=\"http:\/\/www.editions-zones.fr\/spip.php?page=lyberplayer&amp;id_article=185\" target=\"_blank\" rel=\"noopener\">http:\/\/www.editions-zones.fr\/spip.php?page=lyberplayer&amp;id_article=185<\/a><\/p>\n","protected":false},"excerpt":{"rendered":"<p>Jeudi 19 juin 2014, 18h, gare du Nord. La gr\u00e8ve des cheminots met en sc\u00e8ne de nombreux employ\u00e9s aux gilets rouge \u00ab SNCF assistance \u00bb \u2014 et m\u00eame un pianiste qu&rsquo;on ne voit pas sur la photo. Autre tension ailleurs&nbsp;: les intermittents du spectacle. \u00c0 la fin des ann\u00e9es 60, je refusais de m&rsquo;int\u00e9resser \u00e0 &hellip; <a href=\"http:\/\/jlggb.net\/blog4\/?p=1342\" class=\"more-link\">Continuer la lecture de <span class=\"screen-reader-text\">La soci\u00e9t\u00e9 de l&rsquo;intermittence<\/span><\/a><\/p>\n","protected":false},"author":1,"featured_media":0,"comment_status":"closed","ping_status":"closed","sticky":false,"template":"","format":"standard","meta":{"footnotes":""},"categories":[103,97,212],"tags":[306,307,308,313],"class_list":["post-1342","post","type-post","status-publish","format-standard","hentry","category-constatation","category-langage","category-livre","tag-gare-du-nord","tag-greve","tag-intermittence","tag-jonathan-crary"],"_links":{"self":[{"href":"http:\/\/jlggb.net\/blog4\/index.php?rest_route=\/wp\/v2\/posts\/1342","targetHints":{"allow":["GET"]}}],"collection":[{"href":"http:\/\/jlggb.net\/blog4\/index.php?rest_route=\/wp\/v2\/posts"}],"about":[{"href":"http:\/\/jlggb.net\/blog4\/index.php?rest_route=\/wp\/v2\/types\/post"}],"author":[{"embeddable":true,"href":"http:\/\/jlggb.net\/blog4\/index.php?rest_route=\/wp\/v2\/users\/1"}],"replies":[{"embeddable":true,"href":"http:\/\/jlggb.net\/blog4\/index.php?rest_route=%2Fwp%2Fv2%2Fcomments&post=1342"}],"version-history":[{"count":1,"href":"http:\/\/jlggb.net\/blog4\/index.php?rest_route=\/wp\/v2\/posts\/1342\/revisions"}],"predecessor-version":[{"id":3845,"href":"http:\/\/jlggb.net\/blog4\/index.php?rest_route=\/wp\/v2\/posts\/1342\/revisions\/3845"}],"wp:attachment":[{"href":"http:\/\/jlggb.net\/blog4\/index.php?rest_route=%2Fwp%2Fv2%2Fmedia&parent=1342"}],"wp:term":[{"taxonomy":"category","embeddable":true,"href":"http:\/\/jlggb.net\/blog4\/index.php?rest_route=%2Fwp%2Fv2%2Fcategories&post=1342"},{"taxonomy":"post_tag","embeddable":true,"href":"http:\/\/jlggb.net\/blog4\/index.php?rest_route=%2Fwp%2Fv2%2Ftags&post=1342"}],"curies":[{"name":"wp","href":"https:\/\/api.w.org\/{rel}","templated":true}]}}