{"id":1061,"date":"2014-04-25T19:00:11","date_gmt":"2014-04-25T17:00:11","guid":{"rendered":"http:\/\/jlggb.net\/blog4\/?p=1061"},"modified":"2014-04-27T19:40:34","modified_gmt":"2014-04-27T17:40:34","slug":"manifestation-culturelle","status":"publish","type":"post","link":"http:\/\/jlggb.net\/blog4\/?p=1061","title":{"rendered":"Manifestation culturelle"},"content":{"rendered":"<p><a href=\"http:\/\/jlggb.net\/blog4\/wp-content\/uploads\/2014\/04\/th-elle.jpg\" data-rel=\"lightbox-gallery-Ud9uaukk\" data-imagelightbox=\"0\" data-rl_title=\"\" data-rl_caption=\"\" title=\"\"><img loading=\"lazy\" decoding=\"async\" class=\"alignnone size-full wp-image-1064\" src=\"http:\/\/jlggb.net\/blog4\/wp-content\/uploads\/2014\/04\/th-elle.jpg\" alt=\"th-elle\" width=\"640\" height=\"480\" \/><\/a><br \/>\n<a href=\"http:\/\/jlggb.net\/blog4\/wp-content\/uploads\/2014\/04\/th-th.jpg\" data-rel=\"lightbox-gallery-Ud9uaukk\" data-imagelightbox=\"1\" data-rl_title=\"\" data-rl_caption=\"\" title=\"\"><img loading=\"lazy\" decoding=\"async\" class=\"alignnone size-full wp-image-1065\" src=\"http:\/\/jlggb.net\/blog4\/wp-content\/uploads\/2014\/04\/th-th.jpg\" alt=\"th-th\" width=\"640\" height=\"480\" srcset=\"http:\/\/jlggb.net\/blog4\/wp-content\/uploads\/2014\/04\/th-th.jpg 2000w, http:\/\/jlggb.net\/blog4\/wp-content\/uploads\/2014\/04\/th-th-200x150.jpg 200w, http:\/\/jlggb.net\/blog4\/wp-content\/uploads\/2014\/04\/th-th-400x300.jpg 400w, http:\/\/jlggb.net\/blog4\/wp-content\/uploads\/2014\/04\/th-th-150x112.jpg 150w\" sizes=\"auto, (max-width: 640px) 100vw, 640px\" \/><\/a><br \/>\n<a href=\"http:\/\/jlggb.net\/blog4\/wp-content\/uploads\/2014\/04\/th-il.jpg\" data-rel=\"lightbox-gallery-Ud9uaukk\" data-imagelightbox=\"2\" data-rl_title=\"\" data-rl_caption=\"\" title=\"\"><img loading=\"lazy\" decoding=\"async\" class=\"alignnone size-full wp-image-1066\" src=\"http:\/\/jlggb.net\/blog4\/wp-content\/uploads\/2014\/04\/th-il.jpg\" alt=\"th-il\" width=\"640\" height=\"480\" \/><\/a><br \/>\nVendredi 25 avril 2014, 18h \u2014 19h, Palais de Tokyo. Thomas Hirschhorn habite \u00ab\u2009Flamme \u00e9ternelle\u2009\u00bb, un atelier provisoire, une exposition, un espace d\u2019accueil pour celles et ceux qui veulent y intervenir librement ou simplement \u00eatre pr\u00e9sents. C&rsquo;est une mani\u00e8re de ville en pleine manifestation, surcharg\u00e9e de meubles \u2014 certains coll\u00e9s au sol ou tapiss\u00e9s du scotch marron qui est la signature de Hirschorn \u2014, de pancartes avec des annonces (<em>Ici on peut entretenir la flamme&nbsp;: venez et parlez. On vous r\u00e9pondra<\/em>), avec des amorces de slogans (<em>L&rsquo;esprit de la libert\u00e9 r\u00e9clame la&#8230;<\/em>). Tous les jours de midi \u00e0 minuit, devant des micros, des jeunes gens (Noura Ben\u00eat Hariz, Sekou Ndiaye, Hawa Niakat\u00e8, Melodie So, des employ\u00e9s&nbsp;?) lisent des livres (<em>Lecture convaincante<\/em>).<br \/>\nSite&nbsp;: <a href=\"http:\/\/www.flamme-eternelle.com\" target=\"_blank\">http:\/\/www.flamme-eternelle.com<\/a><\/p>\n","protected":false},"excerpt":{"rendered":"<p>Vendredi 25 avril 2014, 18h \u2014 19h, Palais de Tokyo. Thomas Hirschhorn habite \u00ab\u2009Flamme \u00e9ternelle\u2009\u00bb, un atelier provisoire, une exposition, un espace d\u2019accueil pour celles et ceux qui veulent y intervenir librement ou simplement \u00eatre pr\u00e9sents. C&rsquo;est une mani\u00e8re de ville en pleine manifestation, surcharg\u00e9e de meubles \u2014 certains coll\u00e9s au sol ou tapiss\u00e9s du &hellip; <a href=\"http:\/\/jlggb.net\/blog4\/?p=1061\" class=\"more-link\">Continuer la lecture de <span class=\"screen-reader-text\">Manifestation culturelle<\/span><\/a><\/p>\n","protected":false},"author":1,"featured_media":0,"comment_status":"closed","ping_status":"closed","sticky":false,"template":"","format":"standard","meta":{"footnotes":""},"categories":[254,111,122],"tags":[266,267],"class_list":["post-1061","post","type-post","status-publish","format-standard","hentry","category-art","category-exposition","category-superposition","tag-palais-de-tokyo","tag-thomas-hirschhorn"],"_links":{"self":[{"href":"http:\/\/jlggb.net\/blog4\/index.php?rest_route=\/wp\/v2\/posts\/1061","targetHints":{"allow":["GET"]}}],"collection":[{"href":"http:\/\/jlggb.net\/blog4\/index.php?rest_route=\/wp\/v2\/posts"}],"about":[{"href":"http:\/\/jlggb.net\/blog4\/index.php?rest_route=\/wp\/v2\/types\/post"}],"author":[{"embeddable":true,"href":"http:\/\/jlggb.net\/blog4\/index.php?rest_route=\/wp\/v2\/users\/1"}],"replies":[{"embeddable":true,"href":"http:\/\/jlggb.net\/blog4\/index.php?rest_route=%2Fwp%2Fv2%2Fcomments&post=1061"}],"version-history":[{"count":0,"href":"http:\/\/jlggb.net\/blog4\/index.php?rest_route=\/wp\/v2\/posts\/1061\/revisions"}],"wp:attachment":[{"href":"http:\/\/jlggb.net\/blog4\/index.php?rest_route=%2Fwp%2Fv2%2Fmedia&parent=1061"}],"wp:term":[{"taxonomy":"category","embeddable":true,"href":"http:\/\/jlggb.net\/blog4\/index.php?rest_route=%2Fwp%2Fv2%2Fcategories&post=1061"},{"taxonomy":"post_tag","embeddable":true,"href":"http:\/\/jlggb.net\/blog4\/index.php?rest_route=%2Fwp%2Fv2%2Ftags&post=1061"}],"curies":[{"name":"wp","href":"https:\/\/api.w.org\/{rel}","templated":true}]}}