{"id":955,"date":"2008-12-13T23:40:19","date_gmt":"2008-12-13T22:40:19","guid":{"rendered":"http:\/\/jlggb.net\/blog\/?p=955"},"modified":"2020-10-19T00:34:36","modified_gmt":"2020-10-18T22:34:36","slug":"rideau","status":"publish","type":"post","link":"http:\/\/jlggb.net\/blog\/?p=955","title":{"rendered":"Rideau"},"content":{"rendered":"<p><a href=\"http:\/\/jlggb.net\/blog\/wp-content\/uploads\/2008\/12\/sgg7e_13122008.jpg\" data-rel=\"lightbox-image-0\" data-imagelightbox=\"0\" data-rl_title=\"\" data-rl_caption=\"\"><img loading=\"lazy\" decoding=\"async\" class=\"alignnone size-full wp-image-956\" title=\"\" src=\"http:\/\/jlggb.net\/blog\/wp-content\/uploads\/2008\/12\/sgg7e_13122008.jpg\" alt=\"\" width=\"640\" height=\"480\" \/><\/a><br \/>\n<a href=\"http:\/\/jlggb.net\/blog\/wp-content\/uploads\/2008\/12\/sgg_vue_13122008.jpg\" data-rel=\"lightbox-image-1\" data-imagelightbox=\"1\" data-rl_title=\"\" data-rl_caption=\"\"><img loading=\"lazy\" decoding=\"async\" class=\"alignnone size-full wp-image-957\" title=\"\" src=\"http:\/\/jlggb.net\/blog\/wp-content\/uploads\/2008\/12\/sgg_vue_13122008.jpg\" alt=\"\" width=\"640\" height=\"479\" \/><\/a><br \/>\nSamedi 13 d\u00e9cembre 2008, 15h, Centre pour l&rsquo;image contemporaine, Saint-Gervais, Gen\u00e8ve. La salle du 7e \u00e9tage est le lieu de la \u00ab journ\u00e9e exp\u00e9rimentale \u00bb de l&rsquo;exposition <em>Version b\u00eata<\/em>. Ce sera la derni\u00e8re des manifestations du centre fond\u00e9 par Andr\u00e9 Iten en 1985. Quand on sort sur la terrasse, le panorama avec, \u00e0 l&rsquo;horizon, le massif du Mont Blanc.<\/p>\n","protected":false},"excerpt":{"rendered":"<p>Samedi 13 d\u00e9cembre 2008, 15h, Centre pour l&rsquo;image contemporaine, Saint-Gervais, Gen\u00e8ve. La salle du 7e \u00e9tage est le lieu de la \u00ab journ\u00e9e exp\u00e9rimentale \u00bb de l&rsquo;exposition Version b\u00eata. Ce sera la derni\u00e8re des manifestations du centre fond\u00e9 par Andr\u00e9 Iten en 1985. Quand on sort sur la terrasse, le panorama avec, \u00e0 l&rsquo;horizon, le &hellip; <a href=\"http:\/\/jlggb.net\/blog\/?p=955\" class=\"more-link\">Continuer la lecture de <span class=\"screen-reader-text\">Rideau<\/span><\/a><\/p>\n","protected":false},"author":2,"featured_media":0,"comment_status":"closed","ping_status":"closed","sticky":false,"template":"","format":"standard","meta":{"footnotes":""},"categories":[45,46,102,101],"tags":[241,240],"class_list":["post-955","post","type-post","status-publish","format-standard","hentry","category-arrive-enfin","category-monument","category-paysage","category-rendez-vous","tag-cic","tag-saint-gervais-geneve"],"_links":{"self":[{"href":"http:\/\/jlggb.net\/blog\/index.php?rest_route=\/wp\/v2\/posts\/955","targetHints":{"allow":["GET"]}}],"collection":[{"href":"http:\/\/jlggb.net\/blog\/index.php?rest_route=\/wp\/v2\/posts"}],"about":[{"href":"http:\/\/jlggb.net\/blog\/index.php?rest_route=\/wp\/v2\/types\/post"}],"author":[{"embeddable":true,"href":"http:\/\/jlggb.net\/blog\/index.php?rest_route=\/wp\/v2\/users\/2"}],"replies":[{"embeddable":true,"href":"http:\/\/jlggb.net\/blog\/index.php?rest_route=%2Fwp%2Fv2%2Fcomments&post=955"}],"version-history":[{"count":3,"href":"http:\/\/jlggb.net\/blog\/index.php?rest_route=\/wp\/v2\/posts\/955\/revisions"}],"predecessor-version":[{"id":7633,"href":"http:\/\/jlggb.net\/blog\/index.php?rest_route=\/wp\/v2\/posts\/955\/revisions\/7633"}],"wp:attachment":[{"href":"http:\/\/jlggb.net\/blog\/index.php?rest_route=%2Fwp%2Fv2%2Fmedia&parent=955"}],"wp:term":[{"taxonomy":"category","embeddable":true,"href":"http:\/\/jlggb.net\/blog\/index.php?rest_route=%2Fwp%2Fv2%2Fcategories&post=955"},{"taxonomy":"post_tag","embeddable":true,"href":"http:\/\/jlggb.net\/blog\/index.php?rest_route=%2Fwp%2Fv2%2Ftags&post=955"}],"curies":[{"name":"wp","href":"https:\/\/api.w.org\/{rel}","templated":true}]}}