{"id":7004,"date":"2002-05-23T12:00:55","date_gmt":"2002-05-23T08:30:55","guid":{"rendered":"http:\/\/jlggb.net\/blog\/?p=7004"},"modified":"2010-12-23T15:18:14","modified_gmt":"2010-12-23T11:48:14","slug":"le-bouquet","status":"publish","type":"post","link":"http:\/\/jlggb.net\/blog\/?p=7004","title":{"rendered":"23.05.2002 : Le bouquet"},"content":{"rendered":"<p><a href=\"http:\/\/jlggb.net\/blog\/?page_id=3309\" target=\"_self\"><img loading=\"lazy\" decoding=\"async\" class=\"alignnone size-full wp-image-3302\" title=\"blog-blog\" src=\"http:\/\/jlggb.net\/blog\/wp-content\/uploads\/2003\/11\/blog-blog.jpg\" alt=\"blog-blog\" width=\"500\" height=\"60\" srcset=\"http:\/\/jlggb.net\/blog\/wp-content\/uploads\/2003\/11\/blog-blog.jpg 500w, http:\/\/jlggb.net\/blog\/wp-content\/uploads\/2003\/11\/blog-blog-200x24.jpg 200w\" sizes=\"auto, (max-width: 500px) 100vw, 500px\" \/><\/a><\/p>\n<p><a href=\"http:\/\/jlggb.net\/blog\/wp-content\/uploads\/2010\/12\/bouquet-23-05-2002-midi.jpg\" data-rel=\"lightbox-image-0\" data-imagelightbox=\"0\" data-rl_title=\"\" data-rl_caption=\"\"><img loading=\"lazy\" decoding=\"async\" class=\"alignnone size-full wp-image-7005\" title=\"\" src=\"http:\/\/jlggb.net\/blog\/wp-content\/uploads\/2010\/12\/bouquet-23-05-2002-midi.jpg\" alt=\"\" width=\"640\" height=\"480\" srcset=\"http:\/\/jlggb.net\/blog\/wp-content\/uploads\/2010\/12\/bouquet-23-05-2002-midi.jpg 1280w, http:\/\/jlggb.net\/blog\/wp-content\/uploads\/2010\/12\/bouquet-23-05-2002-midi-200x150.jpg 200w, http:\/\/jlggb.net\/blog\/wp-content\/uploads\/2010\/12\/bouquet-23-05-2002-midi-500x375.jpg 500w, http:\/\/jlggb.net\/blog\/wp-content\/uploads\/2010\/12\/bouquet-23-05-2002-midi-1024x768.jpg 1024w, http:\/\/jlggb.net\/blog\/wp-content\/uploads\/2010\/12\/bouquet-23-05-2002-midi-150x112.jpg 150w\" sizes=\"auto, (max-width: 640px) 100vw, 640px\" \/><\/a><br \/>\n23 mai 2002, midi, appartement du 53 avenue du G\u00e9n\u00e9ral De Gaulle, Pierrelatte, Dr\u00f4me.<\/p>\n<p>Voir le billet \u00ab Vide \u00bb de 2010&nbsp;: <a href=\"http:\/\/jlggb.net\/blog2\/?p=3234\" target=\"_self\">http:\/\/jlggb.net\/blog2\/?p=3234<\/a><\/p>\n","protected":false},"excerpt":{"rendered":"<p>23 mai 2002, midi, appartement du 53 avenue du G\u00e9n\u00e9ral De Gaulle, Pierrelatte, Dr\u00f4me. Voir le billet \u00ab Vide \u00bb de 2010&nbsp;: http:\/\/jlggb.net\/blog2\/?p=3234<\/p>\n","protected":false},"author":2,"featured_media":0,"comment_status":"closed","ping_status":"closed","sticky":false,"template":"","format":"standard","meta":{"footnotes":""},"categories":[51,73],"tags":[796,370],"class_list":["post-7004","post","type-post","status-publish","format-standard","hentry","category-couleur","category-plante","tag-fleurs","tag-pierrelatte"],"_links":{"self":[{"href":"http:\/\/jlggb.net\/blog\/index.php?rest_route=\/wp\/v2\/posts\/7004","targetHints":{"allow":["GET"]}}],"collection":[{"href":"http:\/\/jlggb.net\/blog\/index.php?rest_route=\/wp\/v2\/posts"}],"about":[{"href":"http:\/\/jlggb.net\/blog\/index.php?rest_route=\/wp\/v2\/types\/post"}],"author":[{"embeddable":true,"href":"http:\/\/jlggb.net\/blog\/index.php?rest_route=\/wp\/v2\/users\/2"}],"replies":[{"embeddable":true,"href":"http:\/\/jlggb.net\/blog\/index.php?rest_route=%2Fwp%2Fv2%2Fcomments&post=7004"}],"version-history":[{"count":0,"href":"http:\/\/jlggb.net\/blog\/index.php?rest_route=\/wp\/v2\/posts\/7004\/revisions"}],"wp:attachment":[{"href":"http:\/\/jlggb.net\/blog\/index.php?rest_route=%2Fwp%2Fv2%2Fmedia&parent=7004"}],"wp:term":[{"taxonomy":"category","embeddable":true,"href":"http:\/\/jlggb.net\/blog\/index.php?rest_route=%2Fwp%2Fv2%2Fcategories&post=7004"},{"taxonomy":"post_tag","embeddable":true,"href":"http:\/\/jlggb.net\/blog\/index.php?rest_route=%2Fwp%2Fv2%2Ftags&post=7004"}],"curies":[{"name":"wp","href":"https:\/\/api.w.org\/{rel}","templated":true}]}}