{"id":6515,"date":"2009-11-26T14:00:58","date_gmt":"2009-11-26T14:00:58","guid":{"rendered":"http:\/\/jlggb.net\/blog\/?p=6515"},"modified":"2024-06-26T01:19:06","modified_gmt":"2024-06-25T23:19:06","slug":"escalier-pour-ingenieurs","status":"publish","type":"post","link":"http:\/\/jlggb.net\/blog\/?p=6515","title":{"rendered":"Escalier philosophe technicien"},"content":{"rendered":"<p><a href=\"http:\/\/jlggb.net\/blog\/wp-content\/uploads\/2009\/11\/eig.jpg\" data-rel=\"lightbox-image-0\" data-imagelightbox=\"0\" data-rl_title=\"\" data-rl_caption=\"\"><img loading=\"lazy\" decoding=\"async\" class=\"alignnone wp-image-6516 size-large\" title=\"\" src=\"http:\/\/jlggb.net\/blog\/wp-content\/uploads\/2009\/11\/eig-1024x768.jpg\" alt=\"eig\" width=\"1024\" height=\"768\" srcset=\"http:\/\/jlggb.net\/blog\/wp-content\/uploads\/2009\/11\/eig-1024x768.jpg 1024w, http:\/\/jlggb.net\/blog\/wp-content\/uploads\/2009\/11\/eig-200x150.jpg 200w, http:\/\/jlggb.net\/blog\/wp-content\/uploads\/2009\/11\/eig-500x375.jpg 500w, http:\/\/jlggb.net\/blog\/wp-content\/uploads\/2009\/11\/eig.jpg 1280w\" sizes=\"auto, (max-width: 1024px) 100vw, 1024px\" \/><\/a><br \/>\nJeudi 26 novembre 2009, 14h, \u00c9cole d&rsquo;ing\u00e9nieurs de Gen\u00e8ve, rue de la Prairie, Gen\u00e8ve. On remarque des escaliers m\u00e9talliques tr\u00e8s purs dans une belle architecture rationnelle (Jean-Jacques Oberson).<br \/>\n\u00ab Quand il refuse de dissocier l&rsquo;architecture de l&rsquo;urbanisme, quand il insiste sur le caract\u00e8re collectif du travail de l&rsquo;architecte, quand il parle du soin requis par les cages d&rsquo;escalier qui ne sont pas des non-lieux mais des espaces sociaux, habit\u00e9s, o\u00f9 il importe de favoriser flux et rencontres, quand il se montre plut\u00f4t pr\u00e9occup\u00e9 de l&rsquo;\u00e9l\u00e9vation du niveau moyen de l&rsquo;architecture que de la m\u00e9diatisation tapageuse des programmes exceptionnels, quand il affirme encore que la modernit\u00e9 est en dehors de la mode, qu&rsquo;elle ne d\u00e9pend pas de gadgets technologiques et qu&rsquo;il ne faut pas confondre l&rsquo;expression d&rsquo;une certaine singularit\u00e9 stylistique et l&rsquo;exhibitionnisme ou quand il \u00e9voque les responsabilit\u00e9s que conf\u00e8re le fait d&rsquo;\u00eatre assis sur la tr\u00e8s fine cro\u00fbte de l&rsquo;\u00e9corce terrestre, Jean-Jacques Oberson se profile bien comme ce philosophe technicien dans lequel il reconna\u00eet la double identit\u00e9 de l&rsquo;architecte. \u00bb<br \/>\nTexte de Christian Bernard, 1999<\/p>\n","protected":false},"excerpt":{"rendered":"<p>Jeudi 26 novembre 2009, 14h, \u00c9cole d&rsquo;ing\u00e9nieurs de Gen\u00e8ve, rue de la Prairie, Gen\u00e8ve. On remarque des escaliers m\u00e9talliques tr\u00e8s purs dans une belle architecture rationnelle (Jean-Jacques Oberson). \u00ab Quand il refuse de dissocier l&rsquo;architecture de l&rsquo;urbanisme, quand il insiste sur le caract\u00e8re collectif du travail de l&rsquo;architecte, quand il parle du soin requis par &hellip; <a href=\"http:\/\/jlggb.net\/blog\/?p=6515\" class=\"more-link\">Continuer la lecture de <span class=\"screen-reader-text\">Escalier philosophe technicien<\/span><\/a><\/p>\n","protected":false},"author":2,"featured_media":0,"comment_status":"closed","ping_status":"closed","sticky":false,"template":"","format":"standard","meta":{"footnotes":""},"categories":[18,181,20],"tags":[760,840,194],"class_list":["post-6515","post","type-post","status-publish","format-standard","hentry","category-architecture","category-escalier","category-universite-et-ecole","tag-acier","tag-escalier","tag-geneve"],"_links":{"self":[{"href":"http:\/\/jlggb.net\/blog\/index.php?rest_route=\/wp\/v2\/posts\/6515","targetHints":{"allow":["GET"]}}],"collection":[{"href":"http:\/\/jlggb.net\/blog\/index.php?rest_route=\/wp\/v2\/posts"}],"about":[{"href":"http:\/\/jlggb.net\/blog\/index.php?rest_route=\/wp\/v2\/types\/post"}],"author":[{"embeddable":true,"href":"http:\/\/jlggb.net\/blog\/index.php?rest_route=\/wp\/v2\/users\/2"}],"replies":[{"embeddable":true,"href":"http:\/\/jlggb.net\/blog\/index.php?rest_route=%2Fwp%2Fv2%2Fcomments&post=6515"}],"version-history":[{"count":6,"href":"http:\/\/jlggb.net\/blog\/index.php?rest_route=\/wp\/v2\/posts\/6515\/revisions"}],"predecessor-version":[{"id":7999,"href":"http:\/\/jlggb.net\/blog\/index.php?rest_route=\/wp\/v2\/posts\/6515\/revisions\/7999"}],"wp:attachment":[{"href":"http:\/\/jlggb.net\/blog\/index.php?rest_route=%2Fwp%2Fv2%2Fmedia&parent=6515"}],"wp:term":[{"taxonomy":"category","embeddable":true,"href":"http:\/\/jlggb.net\/blog\/index.php?rest_route=%2Fwp%2Fv2%2Fcategories&post=6515"},{"taxonomy":"post_tag","embeddable":true,"href":"http:\/\/jlggb.net\/blog\/index.php?rest_route=%2Fwp%2Fv2%2Ftags&post=6515"}],"curies":[{"name":"wp","href":"https:\/\/api.w.org\/{rel}","templated":true}]}}