{"id":6485,"date":"2002-07-29T17:30:15","date_gmt":"2002-07-29T17:30:15","guid":{"rendered":"http:\/\/jlggb.net\/blog\/?p=6485"},"modified":"2009-11-24T01:27:57","modified_gmt":"2009-11-24T01:27:57","slug":"democratie-du-fauteuil","status":"publish","type":"post","link":"http:\/\/jlggb.net\/blog\/?p=6485","title":{"rendered":"D\u00e9mocratie du fauteuil"},"content":{"rendered":"<p><a href=\"http:\/\/jlggb.net\/blog\/?page_id=3309\" target=\"_self\"><img loading=\"lazy\" decoding=\"async\" class=\"alignnone size-full wp-image-3302\" title=\"blog-blog\" src=\"http:\/\/jlggb.net\/blog\/wp-content\/uploads\/2003\/11\/blog-blog.jpg\" alt=\"blog-blog\" width=\"500\" height=\"60\" srcset=\"http:\/\/jlggb.net\/blog\/wp-content\/uploads\/2003\/11\/blog-blog.jpg 500w, http:\/\/jlggb.net\/blog\/wp-content\/uploads\/2003\/11\/blog-blog-200x24.jpg 200w\" sizes=\"auto, (max-width: 500px) 100vw, 500px\" \/><\/a><\/p>\n<p><a href=\"http:\/\/jlggb.net\/blog\/wp-content\/uploads\/2009\/11\/londres-hotel-de-ville-2002.jpg\" data-rel=\"lightbox-image-0\" data-imagelightbox=\"0\" data-rl_title=\"\" data-rl_caption=\"\"><img loading=\"lazy\" decoding=\"async\" class=\"alignnone size-full wp-image-6486\" title=\"\" src=\"http:\/\/jlggb.net\/blog\/wp-content\/uploads\/2009\/11\/londres-hotel-de-ville-2002.jpg\" alt=\"londres-hotel-de-ville-2002\" width=\"640\" height=\"480\" srcset=\"http:\/\/jlggb.net\/blog\/wp-content\/uploads\/2009\/11\/londres-hotel-de-ville-2002.jpg 1260w, http:\/\/jlggb.net\/blog\/wp-content\/uploads\/2009\/11\/londres-hotel-de-ville-2002-200x150.jpg 200w, http:\/\/jlggb.net\/blog\/wp-content\/uploads\/2009\/11\/londres-hotel-de-ville-2002-500x375.jpg 500w, http:\/\/jlggb.net\/blog\/wp-content\/uploads\/2009\/11\/londres-hotel-de-ville-2002-1024x768.jpg 1024w\" sizes=\"auto, (max-width: 640px) 100vw, 640px\" \/><\/a><br \/>\n29 juillet 2002, 17h35, H\u00f4tel de ville de Londres (architecte&nbsp;: Norman Foster), inaugur\u00e9 depuis peu. On voit de l&rsquo;ext\u00e9rieur la salle du conseil avec ses fauteuils <a href=\"http:\/\/www.hermanmiller.com\/Products\/Aeron-Chairs\" target=\"_blank\">Aeron de Bill Stumpf et Don Chadwick, Herman Miller<\/a>.<\/p>\n","protected":false},"excerpt":{"rendered":"<p>29 juillet 2002, 17h35, H\u00f4tel de ville de Londres (architecte&nbsp;: Norman Foster), inaugur\u00e9 depuis peu. On voit de l&rsquo;ext\u00e9rieur la salle du conseil avec ses fauteuils Aeron de Bill Stumpf et Don Chadwick, Herman Miller.<\/p>\n","protected":false},"author":2,"featured_media":0,"comment_status":"closed","ping_status":"closed","sticky":false,"template":"","format":"standard","meta":{"footnotes":""},"categories":[18,17,170,13],"tags":[757,203,756,543,230],"class_list":["post-6485","post","type-post","status-publish","format-standard","hentry","category-architecture","category-design","category-blog-davant-le-blog","category-visite","tag-aeron","tag-fauteuil","tag-hotel-de-ville","tag-london","tag-londres"],"_links":{"self":[{"href":"http:\/\/jlggb.net\/blog\/index.php?rest_route=\/wp\/v2\/posts\/6485","targetHints":{"allow":["GET"]}}],"collection":[{"href":"http:\/\/jlggb.net\/blog\/index.php?rest_route=\/wp\/v2\/posts"}],"about":[{"href":"http:\/\/jlggb.net\/blog\/index.php?rest_route=\/wp\/v2\/types\/post"}],"author":[{"embeddable":true,"href":"http:\/\/jlggb.net\/blog\/index.php?rest_route=\/wp\/v2\/users\/2"}],"replies":[{"embeddable":true,"href":"http:\/\/jlggb.net\/blog\/index.php?rest_route=%2Fwp%2Fv2%2Fcomments&post=6485"}],"version-history":[{"count":0,"href":"http:\/\/jlggb.net\/blog\/index.php?rest_route=\/wp\/v2\/posts\/6485\/revisions"}],"wp:attachment":[{"href":"http:\/\/jlggb.net\/blog\/index.php?rest_route=%2Fwp%2Fv2%2Fmedia&parent=6485"}],"wp:term":[{"taxonomy":"category","embeddable":true,"href":"http:\/\/jlggb.net\/blog\/index.php?rest_route=%2Fwp%2Fv2%2Fcategories&post=6485"},{"taxonomy":"post_tag","embeddable":true,"href":"http:\/\/jlggb.net\/blog\/index.php?rest_route=%2Fwp%2Fv2%2Ftags&post=6485"}],"curies":[{"name":"wp","href":"https:\/\/api.w.org\/{rel}","templated":true}]}}