{"id":6244,"date":"2009-10-29T11:35:07","date_gmt":"2009-10-29T11:35:07","guid":{"rendered":"http:\/\/jlggb.net\/blog\/?p=6244"},"modified":"2021-01-22T22:19:54","modified_gmt":"2021-01-22T20:19:54","slug":"il-y-a-36-ans-il-y-a-24-ans-etc","status":"publish","type":"post","link":"http:\/\/jlggb.net\/blog\/?p=6244","title":{"rendered":"Il y a 36 ans, il y a 24 ans, etc."},"content":{"rendered":"<p><a href=\"http:\/\/jlggb.net\/blog\/wp-content\/uploads\/2009\/11\/cl-21-11-08.jpg\" data-rel=\"lightbox-image-0\" data-imagelightbox=\"0\" data-rl_title=\"\" data-rl_caption=\"\"><img loading=\"lazy\" decoding=\"async\" class=\"alignnone size-full wp-image-6249\" title=\"\" src=\"http:\/\/jlggb.net\/blog\/wp-content\/uploads\/2009\/11\/cl-21-11-08.jpg\" alt=\"cl-21-11-08\" width=\"640\" height=\"426\" srcset=\"http:\/\/jlggb.net\/blog\/wp-content\/uploads\/2009\/11\/cl-21-11-08.jpg 1024w, http:\/\/jlggb.net\/blog\/wp-content\/uploads\/2009\/11\/cl-21-11-08-200x133.jpg 200w, http:\/\/jlggb.net\/blog\/wp-content\/uploads\/2009\/11\/cl-21-11-08-500x333.jpg 500w\" sizes=\"auto, (max-width: 640px) 100vw, 640px\" \/><\/a><br \/>\n<a href=\"http:\/\/jlggb.net\/blog\/wp-content\/uploads\/2009\/11\/cath\u00e9drale-1280.jpg\" data-rel=\"lightbox-image-1\" data-imagelightbox=\"1\" data-rl_title=\"\" data-rl_caption=\"\"><img loading=\"lazy\" decoding=\"async\" class=\"alignnone size-full wp-image-6245\" title=\"\" src=\"http:\/\/jlggb.net\/blog\/wp-content\/uploads\/2009\/11\/cath\u00e9drale-1280.jpg\" alt=\"cath\u00e9drale-1280\" width=\"640\" height=\"320\" srcset=\"http:\/\/jlggb.net\/blog\/wp-content\/uploads\/2009\/11\/cath\u00e9drale-1280.jpg 1280w, http:\/\/jlggb.net\/blog\/wp-content\/uploads\/2009\/11\/cath\u00e9drale-1280-200x100.jpg 200w, http:\/\/jlggb.net\/blog\/wp-content\/uploads\/2009\/11\/cath\u00e9drale-1280-500x250.jpg 500w, http:\/\/jlggb.net\/blog\/wp-content\/uploads\/2009\/11\/cath\u00e9drale-1280-1024x512.jpg 1024w\" sizes=\"auto, (max-width: 640px) 100vw, 640px\" \/><\/a><br \/>\n<a href=\"http:\/\/jlggb.net\/blog\/wp-content\/uploads\/2009\/11\/cath\u00e9drale-fa\u00e7ade.jpg\" data-rel=\"lightbox-image-2\" data-imagelightbox=\"2\" data-rl_title=\"\" data-rl_caption=\"\"><img loading=\"lazy\" decoding=\"async\" class=\"alignnone size-full wp-image-6246\" title=\"\" src=\"http:\/\/jlggb.net\/blog\/wp-content\/uploads\/2009\/11\/cath\u00e9drale-fa\u00e7ade.jpg\" alt=\"cath\u00e9drale-fa\u00e7ade\" width=\"640\" height=\"480\" srcset=\"http:\/\/jlggb.net\/blog\/wp-content\/uploads\/2009\/11\/cath\u00e9drale-fa\u00e7ade.jpg 1280w, http:\/\/jlggb.net\/blog\/wp-content\/uploads\/2009\/11\/cath\u00e9drale-fa\u00e7ade-200x150.jpg 200w, http:\/\/jlggb.net\/blog\/wp-content\/uploads\/2009\/11\/cath\u00e9drale-fa\u00e7ade-500x375.jpg 500w, http:\/\/jlggb.net\/blog\/wp-content\/uploads\/2009\/11\/cath\u00e9drale-fa\u00e7ade-1024x768.jpg 1024w\" sizes=\"auto, (max-width: 640px) 100vw, 640px\" \/><\/a><br \/>\nJeudi 29 octobre 2009, 11h35, P\u00e9kin. La Cath\u00e9drale Nantang, Cath\u00e9drale du Sud \u00a0ou Cath\u00e9drale de l\u2019Immacul\u00e9e Conception, la plus ancienne de P\u00e9kin, date du milieu du 16\u00e8me si\u00e8cle. Elle a \u00e9t\u00e9 reconstruite en 1657, d\u00e9truite par un incendie en 1775, reconstruite en 1904 sous sa forme actuelle. Elle a \u00e9t\u00e9 restaur\u00e9e \u00e0 l&rsquo;occasion des jeux olympiques de 2008. Une messe en fran\u00e7ais s&rsquo;y tient le dimanche \u00e0 18h.\u00a0P\u00e9kin, au carrefour de Xuanwumen, le 21 septembre 1985 \u00e0 11:08. Photo extraite de <em>P\u00e9kin pour m\u00e9moire<\/em>, 1985-1986. Souvenir d&rsquo;un dimanche de mai 1973 \u00e0 P\u00e9kin&nbsp;: Robert Bosc (1909-1979) j\u00e9suite et professeur \u00e0 l&rsquo;Institut catholique de Paris, Jean Cardonnel (1921-2009), dominicain, consid\u00e9r\u00e9 comme \u00ab pr\u00eatre rouge \u00bb en 1968, voulurent voir l&rsquo;\u00e9glise Nantang. Ils constat\u00e8rent qu&rsquo;elle \u00e9tait ouverte.<\/p>\n","protected":false},"excerpt":{"rendered":"<p>Jeudi 29 octobre 2009, 11h35, P\u00e9kin. La Cath\u00e9drale Nantang, Cath\u00e9drale du Sud \u00a0ou Cath\u00e9drale de l\u2019Immacul\u00e9e Conception, la plus ancienne de P\u00e9kin, date du milieu du 16\u00e8me si\u00e8cle. Elle a \u00e9t\u00e9 reconstruite en 1657, d\u00e9truite par un incendie en 1775, reconstruite en 1904 sous sa forme actuelle. Elle a \u00e9t\u00e9 restaur\u00e9e \u00e0 l&rsquo;occasion des jeux &hellip; <a href=\"http:\/\/jlggb.net\/blog\/?p=6244\" class=\"more-link\">Continuer la lecture de <span class=\"screen-reader-text\">Il y a 36 ans, il y a 24 ans, etc.<\/span><\/a><\/p>\n","protected":false},"author":2,"featured_media":0,"comment_status":"closed","ping_status":"closed","sticky":false,"template":"","format":"standard","meta":{"footnotes":""},"categories":[46,13],"tags":[731,687,845],"class_list":["post-6244","post","type-post","status-publish","format-standard","hentry","category-monument","category-visite","tag-cathedrale","tag-pekin","tag-retour"],"_links":{"self":[{"href":"http:\/\/jlggb.net\/blog\/index.php?rest_route=\/wp\/v2\/posts\/6244","targetHints":{"allow":["GET"]}}],"collection":[{"href":"http:\/\/jlggb.net\/blog\/index.php?rest_route=\/wp\/v2\/posts"}],"about":[{"href":"http:\/\/jlggb.net\/blog\/index.php?rest_route=\/wp\/v2\/types\/post"}],"author":[{"embeddable":true,"href":"http:\/\/jlggb.net\/blog\/index.php?rest_route=\/wp\/v2\/users\/2"}],"replies":[{"embeddable":true,"href":"http:\/\/jlggb.net\/blog\/index.php?rest_route=%2Fwp%2Fv2%2Fcomments&post=6244"}],"version-history":[{"count":6,"href":"http:\/\/jlggb.net\/blog\/index.php?rest_route=\/wp\/v2\/posts\/6244\/revisions"}],"predecessor-version":[{"id":7792,"href":"http:\/\/jlggb.net\/blog\/index.php?rest_route=\/wp\/v2\/posts\/6244\/revisions\/7792"}],"wp:attachment":[{"href":"http:\/\/jlggb.net\/blog\/index.php?rest_route=%2Fwp%2Fv2%2Fmedia&parent=6244"}],"wp:term":[{"taxonomy":"category","embeddable":true,"href":"http:\/\/jlggb.net\/blog\/index.php?rest_route=%2Fwp%2Fv2%2Fcategories&post=6244"},{"taxonomy":"post_tag","embeddable":true,"href":"http:\/\/jlggb.net\/blog\/index.php?rest_route=%2Fwp%2Fv2%2Ftags&post=6244"}],"curies":[{"name":"wp","href":"https:\/\/api.w.org\/{rel}","templated":true}]}}