{"id":588,"date":"2008-09-23T01:38:43","date_gmt":"2008-09-22T23:38:43","guid":{"rendered":"http:\/\/jlggb.net\/blog\/?p=588"},"modified":"2011-03-31T13:45:54","modified_gmt":"2011-03-31T11:45:54","slug":"interference-audible-visible","status":"publish","type":"post","link":"http:\/\/jlggb.net\/blog\/?p=588","title":{"rendered":"Interf\u00e9rence audible-visible"},"content":{"rendered":"<p><a href=\"http:\/\/jlggb.net\/blog\/wp-content\/uploads\/2008\/09\/carstennicolai_190908.jpg\" data-rel=\"lightbox-image-0\" data-imagelightbox=\"0\" data-rl_title=\"\" data-rl_caption=\"\"><img loading=\"lazy\" decoding=\"async\" class=\"alignnone size-full wp-image-594\" title=\"\" src=\"http:\/\/jlggb.net\/blog\/wp-content\/uploads\/2008\/09\/carstennicolai_190908.jpg\" alt=\"\" width=\"640\" height=\"480\" \/><\/a><\/p>\n<p><a href=\"http:\/\/www.carstennicolai.de\/\" target=\"_blank\">Carsten Nicolai (aka Alva Noto)<\/a>, rencontr\u00e9 une premi\u00e8re fois \u00e0 Tokyo en 2000 \u00e0 Canon ArtLab, pour l&rsquo;installation immersive et sonore <a href=\"http:\/\/www.medienkunstnetz.de\/works\/polar\/\" target=\"_blank\"><em>Polar<\/em><\/a>, con\u00e7ue avec Marco Peljhan, puis de nouveau \u00e0 Tokyo, ICC, en avril 2008 pour le vernissage de <em><a href=\"http:\/\/www.ntticc.or.jp\/Exhibition\/2008\/Openspace2008\/index.html\" target=\"_blank\">Open Space<\/a><\/em> o\u00f9 il expose <em>Invertone<\/em>, est au centre de cette photo prise \u00e0 Beaubourg mercredi 19 septembre 2008.<\/p>\n<p style=\"text-align: center;\"><a href=\"http:\/\/jlggb.net\/blog\/wp-content\/uploads\/2008\/09\/polar.jpg\" data-rel=\"lightbox-image-1\" data-imagelightbox=\"1\" data-rl_title=\"\" data-rl_caption=\"\"><img loading=\"lazy\" decoding=\"async\" class=\"size-full wp-image-599 aligncenter\" title=\"\" src=\"http:\/\/jlggb.net\/blog\/wp-content\/uploads\/2008\/09\/polar.jpg\" alt=\"\" width=\"200\" height=\"150\" \/><\/a><\/p>\n<p style=\"text-align: center;\"><em>Polar<\/em>, 2000<a href=\"http:\/\/jlggb.net\/blog\/wp-content\/uploads\/2008\/09\/polar.jpg\" data-rel=\"lightbox-image-2\" data-imagelightbox=\"2\" data-rl_title=\"\" data-rl_caption=\"\" title=\"\"><\/p>\n<p><\/a><\/p>\n<p>Le groupe Signal \u2014 Carsten Nicolai (1965), <a href=\"http:\/\/www.frankbretschneider.de\/about.html\" target=\"_blank\">Frank Bretschneider<\/a> (1956) aka Komet, Olaf Bender (1968) aka Byetone, tous les trois orinaires de Karl-Marx Stadt (aujourd&rsquo;hui Chemnitz) \u2014 donnait <em>Robotron<\/em>, 45 minutes en deux parties. La vid\u00e9o, prise avec l&rsquo;appareil photo habituel, malgr\u00e9 l&rsquo;interdiction d&rsquo;enregistrer, en restitue la transition. Les sons s&rsquo;originent dans des enregistrements de bruits. Le flux graphique dans sa contrainte \u00e0 n&rsquo;\u00eatre qu&rsquo;horizontal et vertical, garde quelque chose de cet ancrage dans des bruits \u00ab\u00a0naturels\u00a0\u00bb. Il se confond \u00e0 la pr\u00e9sence corporelle des 3 musiciens-performers et leur restitue la gestuelle dont prive ordinairement le <em>laptop<\/em>. L&rsquo;exp\u00e9rience audible et visible s&rsquo;\u00e9tend par nappes et trames, pulsations et chocs, jusqu&rsquo;\u00e0 inclure tout l&rsquo;auditoire.<\/p>\n<blockquote style=\"text-align: center;\">\n<p align=\"center\">[flv width=\u00a0\u00bb200&Prime; height=\u00a0\u00bb170&Prime;]http:\/\/jlggb.net\/blog\/wp-flv\/CN_3mn.flv[\/flv]<\/p>\n<p align=\"center\">Extrait (3 mn) de <em>Robotron<\/em>, 19 septembre 2008, [DR].<\/p>\n<\/blockquote>\n<p>Vue en 2003, dans l&rsquo;exposition <em>Nano<\/em> \u00e0 la galerie Fra\u00eech&rsquo;Attitude \u00e0 Paris,\u00a0<a href=\"http:\/\/www.carstennicolai.de\/?c=works&amp;w=wellenwanne\" target=\"_blank\">Wellenwanne<\/a>, une installation de Carsten Nicolai\u00a0: quatre grandes plaques d&rsquo;aluminium supportant une pellicule d&rsquo;eau, pos\u00e9es sur quatre haut-parleurs. Trames mouvantes en interf\u00e9rences.<\/p>\n<p style=\"text-align: center;\"><a href=\"http:\/\/jlggb.net\/blog\/wp-content\/uploads\/2008\/09\/wellenwanne2.jpg\" data-rel=\"lightbox-image-3\" data-imagelightbox=\"3\" data-rl_title=\"\" data-rl_caption=\"\"><img loading=\"lazy\" decoding=\"async\" class=\"alignnone size-full wp-image-597\" title=\"\" src=\"http:\/\/jlggb.net\/blog\/wp-content\/uploads\/2008\/09\/wellenwanne2.jpg\" alt=\"\" width=\"199\" height=\"149\" \/><\/a><\/p>\n<p style=\"text-align: center;\"><em>Wellenwanne<\/em>, 2000<\/p>\n","protected":false},"excerpt":{"rendered":"<p>Carsten Nicolai (aka Alva Noto), rencontr\u00e9 une premi\u00e8re fois \u00e0 Tokyo en 2000 \u00e0 Canon ArtLab, pour l&rsquo;installation immersive et sonore Polar, con\u00e7ue avec Marco Peljhan, puis de nouveau \u00e0 Tokyo, ICC, en avril 2008 pour le vernissage de Open Space o\u00f9 il expose Invertone, est au centre de cette photo prise \u00e0 Beaubourg mercredi &hellip; <a href=\"http:\/\/jlggb.net\/blog\/?p=588\" class=\"more-link\">Continuer la lecture de <span class=\"screen-reader-text\">Interf\u00e9rence audible-visible<\/span><\/a><\/p>\n","protected":false},"author":2,"featured_media":0,"comment_status":"closed","ping_status":"closed","sticky":false,"template":"","format":"standard","meta":{"footnotes":""},"categories":[45,17,11,25],"tags":[206,208],"class_list":["post-588","post","type-post","status-publish","format-standard","hentry","category-arrive-enfin","category-design","category-langage","category-personne","tag-carsten-nicolai","tag-musique"],"_links":{"self":[{"href":"http:\/\/jlggb.net\/blog\/index.php?rest_route=\/wp\/v2\/posts\/588","targetHints":{"allow":["GET"]}}],"collection":[{"href":"http:\/\/jlggb.net\/blog\/index.php?rest_route=\/wp\/v2\/posts"}],"about":[{"href":"http:\/\/jlggb.net\/blog\/index.php?rest_route=\/wp\/v2\/types\/post"}],"author":[{"embeddable":true,"href":"http:\/\/jlggb.net\/blog\/index.php?rest_route=\/wp\/v2\/users\/2"}],"replies":[{"embeddable":true,"href":"http:\/\/jlggb.net\/blog\/index.php?rest_route=%2Fwp%2Fv2%2Fcomments&post=588"}],"version-history":[{"count":0,"href":"http:\/\/jlggb.net\/blog\/index.php?rest_route=\/wp\/v2\/posts\/588\/revisions"}],"wp:attachment":[{"href":"http:\/\/jlggb.net\/blog\/index.php?rest_route=%2Fwp%2Fv2%2Fmedia&parent=588"}],"wp:term":[{"taxonomy":"category","embeddable":true,"href":"http:\/\/jlggb.net\/blog\/index.php?rest_route=%2Fwp%2Fv2%2Fcategories&post=588"},{"taxonomy":"post_tag","embeddable":true,"href":"http:\/\/jlggb.net\/blog\/index.php?rest_route=%2Fwp%2Fv2%2Ftags&post=588"}],"curies":[{"name":"wp","href":"https:\/\/api.w.org\/{rel}","templated":true}]}}