{"id":5781,"date":"2009-10-23T14:00:44","date_gmt":"2009-10-23T13:00:44","guid":{"rendered":"http:\/\/jlggb.net\/blog\/?p=5781"},"modified":"2021-02-01T21:20:02","modified_gmt":"2021-02-01T19:20:02","slug":"le-centre-du-monde","status":"publish","type":"post","link":"http:\/\/jlggb.net\/blog\/?p=5781","title":{"rendered":"Le centre du monde"},"content":{"rendered":"<p><a href=\"http:\/\/jlggb.net\/blog\/wp-content\/uploads\/2021\/01\/ritan-1.jpg\" data-rel=\"lightbox-image-0\" data-imagelightbox=\"0\" data-rl_title=\"\" data-rl_caption=\"\" title=\"\"><img loading=\"lazy\" decoding=\"async\" class=\"size-full wp-image-7811\" src=\"http:\/\/jlggb.net\/blog\/wp-content\/uploads\/2021\/01\/ritan-1.jpg\" alt=\"\" width=\"1280\" height=\"960\" \/><\/a><br \/>\n<a href=\"http:\/\/jlggb.net\/blog\/wp-content\/uploads\/2021\/01\/ritan-2.jpg\" data-rel=\"lightbox-image-1\" data-imagelightbox=\"1\" data-rl_title=\"\" data-rl_caption=\"\" title=\"\"><img loading=\"lazy\" decoding=\"async\" class=\"size-full wp-image-7812\" src=\"http:\/\/jlggb.net\/blog\/wp-content\/uploads\/2021\/01\/ritan-2.jpg\" alt=\"\" width=\"1280\" height=\"960\" \/><\/a><br \/>\nVendredi 23 octobre 2009, 13h30, P\u00e9kin. \u00c0 l&rsquo;est de la ville ancienne, l&rsquo;Autel du Soleil (Ritan), magnifique th\u00e9\u00e2tre, un carr\u00e9 dans un cercle&nbsp;: des b\u00e9b\u00e9s apprennent \u00e0 monter les marches; un homme est en m\u00e9ditation, tourn\u00e9 successivement vers les quatre directions.<\/p>\n<p style=\"text-align: center;\"><a href=\"http:\/\/jlggb.net\/blog\/wp-content\/uploads\/2021\/01\/premiers-pas.jpg\" data-rel=\"lightbox-image-2\" data-imagelightbox=\"2\" data-rl_title=\"\" data-rl_caption=\"\" title=\"\"><img loading=\"lazy\" decoding=\"async\" src=\"http:\/\/jlggb.net\/blog\/wp-content\/uploads\/2021\/01\/premiers-pas.jpg\" alt=\"\" width=\"204\" height=\"204\" class=\"alignnone size-full wp-image-7808\" srcset=\"http:\/\/jlggb.net\/blog\/wp-content\/uploads\/2021\/01\/premiers-pas.jpg 486w, http:\/\/jlggb.net\/blog\/wp-content\/uploads\/2021\/01\/premiers-pas-375x375.jpg 375w, http:\/\/jlggb.net\/blog\/wp-content\/uploads\/2021\/01\/premiers-pas-150x150.jpg 150w\" sizes=\"auto, (max-width: 204px) 100vw, 204px\" \/><\/a><\/p>\n","protected":false},"excerpt":{"rendered":"<p>Vendredi 23 octobre 2009, 13h30, P\u00e9kin. \u00c0 l&rsquo;est de la ville ancienne, l&rsquo;Autel du Soleil (Ritan), magnifique th\u00e9\u00e2tre, un carr\u00e9 dans un cercle&nbsp;: des b\u00e9b\u00e9s apprennent \u00e0 monter les marches; un homme est en m\u00e9ditation, tourn\u00e9 successivement vers les quatre directions.<\/p>\n","protected":false},"author":2,"featured_media":0,"comment_status":"closed","ping_status":"closed","sticky":false,"template":"","format":"standard","meta":{"footnotes":""},"categories":[18,46,13],"tags":[691,687,690],"class_list":["post-5781","post","type-post","status-publish","format-standard","hentry","category-architecture","category-monument","category-visite","tag-autel-du-soleil","tag-pekin","tag-ritan"],"_links":{"self":[{"href":"http:\/\/jlggb.net\/blog\/index.php?rest_route=\/wp\/v2\/posts\/5781","targetHints":{"allow":["GET"]}}],"collection":[{"href":"http:\/\/jlggb.net\/blog\/index.php?rest_route=\/wp\/v2\/posts"}],"about":[{"href":"http:\/\/jlggb.net\/blog\/index.php?rest_route=\/wp\/v2\/types\/post"}],"author":[{"embeddable":true,"href":"http:\/\/jlggb.net\/blog\/index.php?rest_route=\/wp\/v2\/users\/2"}],"replies":[{"embeddable":true,"href":"http:\/\/jlggb.net\/blog\/index.php?rest_route=%2Fwp%2Fv2%2Fcomments&post=5781"}],"version-history":[{"count":6,"href":"http:\/\/jlggb.net\/blog\/index.php?rest_route=\/wp\/v2\/posts\/5781\/revisions"}],"predecessor-version":[{"id":7825,"href":"http:\/\/jlggb.net\/blog\/index.php?rest_route=\/wp\/v2\/posts\/5781\/revisions\/7825"}],"wp:attachment":[{"href":"http:\/\/jlggb.net\/blog\/index.php?rest_route=%2Fwp%2Fv2%2Fmedia&parent=5781"}],"wp:term":[{"taxonomy":"category","embeddable":true,"href":"http:\/\/jlggb.net\/blog\/index.php?rest_route=%2Fwp%2Fv2%2Fcategories&post=5781"},{"taxonomy":"post_tag","embeddable":true,"href":"http:\/\/jlggb.net\/blog\/index.php?rest_route=%2Fwp%2Fv2%2Ftags&post=5781"}],"curies":[{"name":"wp","href":"https:\/\/api.w.org\/{rel}","templated":true}]}}