{"id":5658,"date":"2009-10-09T19:50:57","date_gmt":"2009-10-09T18:50:57","guid":{"rendered":"http:\/\/jlggb.net\/blog\/?p=5658"},"modified":"2021-01-22T00:20:55","modified_gmt":"2021-01-21T22:20:55","slug":"5658","status":"publish","type":"post","link":"http:\/\/jlggb.net\/blog\/?p=5658","title":{"rendered":"Piero Gilardi"},"content":{"rendered":"<p><a href=\"http:\/\/jlggb.net\/blog\/wp-content\/uploads\/2009\/10\/pg-09-10-2009.jpg\" data-rel=\"lightbox-image-0\" data-imagelightbox=\"0\" data-rl_title=\"\" data-rl_caption=\"\"><img loading=\"lazy\" decoding=\"async\" class=\"alignnone wp-image-5661 size-full\" title=\"\" src=\"http:\/\/jlggb.net\/blog\/wp-content\/uploads\/2009\/10\/pg-09-10-2009.jpg\" alt=\"pg-09-10-2009\" width=\"640\" height=\"480\" \/><\/a><br \/>\n<a href=\"http:\/\/jlggb.net\/blog\/wp-content\/uploads\/2009\/10\/tapis-nature.jpg\" data-rel=\"lightbox-image-1\" data-imagelightbox=\"1\" data-rl_title=\"\" data-rl_caption=\"\"><img loading=\"lazy\" decoding=\"async\" class=\"alignnone wp-image-5660 size-full\" title=\"\" src=\"http:\/\/jlggb.net\/blog\/wp-content\/uploads\/2009\/10\/tapis-nature.jpg\" alt=\"tapis-nature\" width=\"640\" height=\"480\" \/><\/a><br \/>\n<a href=\"http:\/\/jlggb.net\/blog\/wp-content\/uploads\/2009\/10\/tronco.jpg\" data-rel=\"lightbox-image-2\" data-imagelightbox=\"2\" data-rl_title=\"\" data-rl_caption=\"\"><img loading=\"lazy\" decoding=\"async\" class=\"alignnone wp-image-5659\" title=\"\" src=\"http:\/\/jlggb.net\/blog\/wp-content\/uploads\/2009\/10\/tronco.jpg\" alt=\"tronco\" width=\"640\" height=\"480\" srcset=\"http:\/\/jlggb.net\/blog\/wp-content\/uploads\/2009\/10\/tronco.jpg 1280w, http:\/\/jlggb.net\/blog\/wp-content\/uploads\/2009\/10\/tronco-200x150.jpg 200w, http:\/\/jlggb.net\/blog\/wp-content\/uploads\/2009\/10\/tronco-500x375.jpg 500w, http:\/\/jlggb.net\/blog\/wp-content\/uploads\/2009\/10\/tronco-1024x768.jpg 1024w\" sizes=\"auto, (max-width: 640px) 100vw, 640px\" \/><\/a><br \/>\nVendredi 9 octobre 2009, 19h30, Piero Gilardi, Galerie S\u00e9miose, Paris, 20e.<br \/>\n\u2014\u00a0Piero Gilardi, <em>Tapis nature<\/em>, 2009 (?).<br \/>\n\u2014\u00a0Piero Gilardi, <em>Tronco sedile<\/em>, 2009.<br \/>\nPiero Gilardi (1942, Turin), est un repr\u00e9sentant de l\u2019Arte Povera, mais ses \u00ab tapis-nature \u00bb lui ont donn\u00e9, d\u00e8s les ann\u00e9es 60, une position particuli\u00e8re (une ma\u00eetrise originale des mati\u00e8res plastiques), autant que ses actions \u00e0 caract\u00e8re politique ou que ses interventions dans le champ des arts interactifs. Il s&rsquo;est attach\u00e9 \u00e0 th\u00e9oriser un art \u00ab habitable \u00bb et \u00ab micro-\u00e9motif \u00bb. On pourrait revenir sur ce qu&rsquo;on a fait ensemble avec Ars Technica \u00e0 Paris, ou avec ArsLab \u00e0 Turin, dans les ann\u00e9es 90. Il est \u00e0 l&rsquo;origine du <a href=\"http:\/\/www.parcoartevivente.it\/\" target=\"_blank\" rel=\"noopener\">PAV, Parco d&rsquo;arte vivente<\/a>, centre d&rsquo;art contemporain ouvert \u00e0 Turin en novembre 2008. Voir l&rsquo;article du <a href=\"http:\/\/jlggb.net\/blog2\/?p=2595\" target=\"_self\" rel=\"noopener\">25 juin 2010, \u00ab Macchina per discorrere, 1963 \u00bb<\/a>.<\/p>\n","protected":false},"excerpt":{"rendered":"<p>Vendredi 9 octobre 2009, 19h30, Piero Gilardi, Galerie S\u00e9miose, Paris, 20e. \u2014\u00a0Piero Gilardi, Tapis nature, 2009 (?). \u2014\u00a0Piero Gilardi, Tronco sedile, 2009. Piero Gilardi (1942, Turin), est un repr\u00e9sentant de l\u2019Arte Povera, mais ses \u00ab tapis-nature \u00bb lui ont donn\u00e9, d\u00e8s les ann\u00e9es 60, une position particuli\u00e8re (une ma\u00eetrise originale des mati\u00e8res plastiques), autant que &hellip; <a href=\"http:\/\/jlggb.net\/blog\/?p=5658\" class=\"more-link\">Continuer la lecture de <span class=\"screen-reader-text\">Piero Gilardi<\/span><\/a><\/p>\n","protected":false},"author":2,"featured_media":0,"comment_status":"closed","ping_status":"closed","sticky":false,"template":"","format":"standard","meta":{"footnotes":""},"categories":[39,51,17,9,25],"tags":[679,253],"class_list":["post-5658","post","type-post","status-publish","format-standard","hentry","category-collection","category-couleur","category-design","category-exposition","category-personne","tag-piero-gilardi","tag-turin"],"_links":{"self":[{"href":"http:\/\/jlggb.net\/blog\/index.php?rest_route=\/wp\/v2\/posts\/5658","targetHints":{"allow":["GET"]}}],"collection":[{"href":"http:\/\/jlggb.net\/blog\/index.php?rest_route=\/wp\/v2\/posts"}],"about":[{"href":"http:\/\/jlggb.net\/blog\/index.php?rest_route=\/wp\/v2\/types\/post"}],"author":[{"embeddable":true,"href":"http:\/\/jlggb.net\/blog\/index.php?rest_route=\/wp\/v2\/users\/2"}],"replies":[{"embeddable":true,"href":"http:\/\/jlggb.net\/blog\/index.php?rest_route=%2Fwp%2Fv2%2Fcomments&post=5658"}],"version-history":[{"count":10,"href":"http:\/\/jlggb.net\/blog\/index.php?rest_route=\/wp\/v2\/posts\/5658\/revisions"}],"predecessor-version":[{"id":7741,"href":"http:\/\/jlggb.net\/blog\/index.php?rest_route=\/wp\/v2\/posts\/5658\/revisions\/7741"}],"wp:attachment":[{"href":"http:\/\/jlggb.net\/blog\/index.php?rest_route=%2Fwp%2Fv2%2Fmedia&parent=5658"}],"wp:term":[{"taxonomy":"category","embeddable":true,"href":"http:\/\/jlggb.net\/blog\/index.php?rest_route=%2Fwp%2Fv2%2Fcategories&post=5658"},{"taxonomy":"post_tag","embeddable":true,"href":"http:\/\/jlggb.net\/blog\/index.php?rest_route=%2Fwp%2Fv2%2Ftags&post=5658"}],"curies":[{"name":"wp","href":"https:\/\/api.w.org\/{rel}","templated":true}]}}