{"id":5583,"date":"2009-09-29T13:00:59","date_gmt":"2009-09-29T12:00:59","guid":{"rendered":"http:\/\/jlggb.net\/blog\/?p=5583"},"modified":"2021-02-01T22:46:12","modified_gmt":"2021-02-01T20:46:12","slug":"le-texte-et-limage","status":"publish","type":"post","link":"http:\/\/jlggb.net\/blog\/?p=5583","title":{"rendered":"Le texte et l&rsquo;image"},"content":{"rendered":"<p><a href=\"http:\/\/jlggb.net\/blog\/wp-content\/uploads\/2009\/09\/le-vide-et-le-plein.jpg\" data-rel=\"lightbox-image-0\" data-imagelightbox=\"0\" data-rl_title=\"\" data-rl_caption=\"\"><img loading=\"lazy\" decoding=\"async\" class=\"size-full wp-image-5587\" title=\"\" src=\"http:\/\/jlggb.net\/blog\/wp-content\/uploads\/2009\/09\/le-vide-et-le-plein.jpg\" alt=\"le vide et le plein\" width=\"640\" height=\"480\" srcset=\"http:\/\/jlggb.net\/blog\/wp-content\/uploads\/2009\/09\/le-vide-et-le-plein.jpg 1280w, http:\/\/jlggb.net\/blog\/wp-content\/uploads\/2009\/09\/le-vide-et-le-plein-200x150.jpg 200w, http:\/\/jlggb.net\/blog\/wp-content\/uploads\/2009\/09\/le-vide-et-le-plein-500x375.jpg 500w, http:\/\/jlggb.net\/blog\/wp-content\/uploads\/2009\/09\/le-vide-et-le-plein-1024x768.jpg 1024w\" sizes=\"auto, (max-width: 640px) 100vw, 640px\" \/><\/a><a href=\"http:\/\/jlggb.net\/blog\/wp-content\/uploads\/2009\/09\/lunettes.jpg\" data-rel=\"lightbox-image-1\" data-imagelightbox=\"1\" data-rl_title=\"\" data-rl_caption=\"\"><img loading=\"lazy\" decoding=\"async\" class=\"size-full wp-image-5590 aligncenter\" title=\"\" src=\"http:\/\/jlggb.net\/blog\/wp-content\/uploads\/2009\/09\/lunettes.jpg\" alt=\"lunettes\" width=\"200\" height=\"150\" srcset=\"http:\/\/jlggb.net\/blog\/wp-content\/uploads\/2009\/09\/lunettes.jpg 273w, http:\/\/jlggb.net\/blog\/wp-content\/uploads\/2009\/09\/lunettes-199x150.jpg 199w\" sizes=\"auto, (max-width: 200px) 100vw, 200px\" \/><\/a><\/p>\n<p style=\"text-align: center;\"><a href=\"http:\/\/jlggb.net\/blog\/wp-content\/uploads\/2009\/09\/fnac-forum.jpg\" data-rel=\"lightbox-image-2\" data-imagelightbox=\"2\" data-rl_title=\"\" data-rl_caption=\"\"><img loading=\"lazy\" decoding=\"async\" class=\"size-full wp-image-5589 aligncenter\" title=\"\" src=\"http:\/\/jlggb.net\/blog\/wp-content\/uploads\/2009\/09\/fnac-forum.jpg\" alt=\"fnac-forum\" width=\"200\" height=\"267\" srcset=\"http:\/\/jlggb.net\/blog\/wp-content\/uploads\/2009\/09\/fnac-forum.jpg 300w, http:\/\/jlggb.net\/blog\/wp-content\/uploads\/2009\/09\/fnac-forum-112x150.jpg 112w, http:\/\/jlggb.net\/blog\/wp-content\/uploads\/2009\/09\/fnac-forum-281x375.jpg 281w\" sizes=\"auto, (max-width: 200px) 100vw, 200px\" \/><\/a>Photo faite au iPhone.<\/p>\n<p><a href=\"http:\/\/jlggb.net\/blog\/wp-content\/uploads\/2009\/09\/japon.jpg\" data-rel=\"lightbox-image-3\" data-imagelightbox=\"3\" data-rl_title=\"\" data-rl_caption=\"\"><img loading=\"lazy\" decoding=\"async\" class=\"size-full wp-image-5588\" title=\"\" src=\"http:\/\/jlggb.net\/blog\/wp-content\/uploads\/2009\/09\/japon.jpg\" alt=\"japon\" width=\"640\" height=\"480\" srcset=\"http:\/\/jlggb.net\/blog\/wp-content\/uploads\/2009\/09\/japon.jpg 1280w, http:\/\/jlggb.net\/blog\/wp-content\/uploads\/2009\/09\/japon-200x150.jpg 200w, http:\/\/jlggb.net\/blog\/wp-content\/uploads\/2009\/09\/japon-500x375.jpg 500w, http:\/\/jlggb.net\/blog\/wp-content\/uploads\/2009\/09\/japon-1024x768.jpg 1024w\" sizes=\"auto, (max-width: 640px) 100vw, 640px\" \/><\/a><br \/>\nMardi 29 septembre 2009 vers 13h. Le <a href=\"http:\/\/jlggb.net\/blog\/?p=2528\" target=\"_self\" rel=\"noopener\">Ma\u00eetre<\/a> qu&rsquo;il ne faut pas photographier est crois\u00e9 \u00e0 la Fnac alors qu&rsquo;il ach\u00e8te le \u00ab nouveau \u00bb livre de Nicolas Bouvier. C&rsquo;est l&rsquo;occasion de ce billet. On remarque qu&rsquo;il porte des lunettes noires bizarres, avec \u00e9couteurs, peut-\u00eatre avec cam\u00e9ra. Ce serait int\u00e9ressant de l&rsquo;avoir v\u00e9rifi\u00e9, pour conna\u00eetre vers quoi tend le Preneur de vues.\u00a0Note du 5 octobre 2010. La v\u00e9rification a lieu, RER ligne B, voir <a href=\"http:\/\/jlggb.net\/blog3\/?p=3375\" target=\"_blank\" rel=\"noopener\">http:\/\/jlggb.net\/blog3\/?p=3375.\u00a0<\/a><br \/>\nEn 1979, les \u00c9ditions du Seuil publiait l&rsquo;ouvrage de Fran\u00e7ois Cheng,<em> Vide et plein &#8211; Le langage pictural chinois<\/em>, qui faisait beaucoup progresser la compr\u00e9hension de la peinture chinoise. En les publiant sous le titre <em>Le vide et le plein<\/em>, Ho\u00ebbeke en 2004 puis Folio aujourd&rsquo;hui en 2009, semblent d\u00e9tourner de leur litt\u00e9ralit\u00e9 les <em>Carnets du Japon<\/em>, 1964-1970, de Nicolas Bouvier. On se demande aussi pourquoi la photo trop r\u00e9cente et trop mise en sc\u00e8ne d&rsquo;un <em>image maker<\/em>, Steeve McCury, a \u00e9t\u00e9 pr\u00e9f\u00e9r\u00e9e \u00e0 une photo de Nicolas Bouvier (peut-\u00eatre la couleur).<br \/>\nLe tableau se boucle avec <em>Japon<\/em>, par Y\u00e9fime, 1959, collection \u00ab Petite Plan\u00e8te \u00bb, cr\u00e9\u00e9e par Chris Marker Ce fut une premi\u00e8re rencontre avec le Japon. Question qualit\u00e9 de maquette, 50 ans apr\u00e8s, \u00ab il n&rsquo;y a pas photo \u00bb. [Archives jlggb].<\/p>\n","protected":false},"excerpt":{"rendered":"<p>Photo faite au iPhone. Mardi 29 septembre 2009 vers 13h. Le Ma\u00eetre qu&rsquo;il ne faut pas photographier est crois\u00e9 \u00e0 la Fnac alors qu&rsquo;il ach\u00e8te le \u00ab nouveau \u00bb livre de Nicolas Bouvier. C&rsquo;est l&rsquo;occasion de ce billet. On remarque qu&rsquo;il porte des lunettes noires bizarres, avec \u00e9couteurs, peut-\u00eatre avec cam\u00e9ra. Ce serait int\u00e9ressant de &hellip; <a href=\"http:\/\/jlggb.net\/blog\/?p=5583\" class=\"more-link\">Continuer la lecture de <span class=\"screen-reader-text\">Le texte et l&rsquo;image<\/span><\/a><\/p>\n","protected":false},"author":2,"featured_media":0,"comment_status":"closed","ping_status":"closed","sticky":false,"template":"","format":"standard","meta":{"footnotes":""},"categories":[45,106,10,372],"tags":[40,670,671],"class_list":["post-5583","post","type-post","status-publish","format-standard","hentry","category-arrive-enfin","category-coincidence","category-livre-2","category-observation","tag-japon","tag-nicolas-bouvier","tag-petite-planete"],"_links":{"self":[{"href":"http:\/\/jlggb.net\/blog\/index.php?rest_route=\/wp\/v2\/posts\/5583","targetHints":{"allow":["GET"]}}],"collection":[{"href":"http:\/\/jlggb.net\/blog\/index.php?rest_route=\/wp\/v2\/posts"}],"about":[{"href":"http:\/\/jlggb.net\/blog\/index.php?rest_route=\/wp\/v2\/types\/post"}],"author":[{"embeddable":true,"href":"http:\/\/jlggb.net\/blog\/index.php?rest_route=\/wp\/v2\/users\/2"}],"replies":[{"embeddable":true,"href":"http:\/\/jlggb.net\/blog\/index.php?rest_route=%2Fwp%2Fv2%2Fcomments&post=5583"}],"version-history":[{"count":6,"href":"http:\/\/jlggb.net\/blog\/index.php?rest_route=\/wp\/v2\/posts\/5583\/revisions"}],"predecessor-version":[{"id":7838,"href":"http:\/\/jlggb.net\/blog\/index.php?rest_route=\/wp\/v2\/posts\/5583\/revisions\/7838"}],"wp:attachment":[{"href":"http:\/\/jlggb.net\/blog\/index.php?rest_route=%2Fwp%2Fv2%2Fmedia&parent=5583"}],"wp:term":[{"taxonomy":"category","embeddable":true,"href":"http:\/\/jlggb.net\/blog\/index.php?rest_route=%2Fwp%2Fv2%2Fcategories&post=5583"},{"taxonomy":"post_tag","embeddable":true,"href":"http:\/\/jlggb.net\/blog\/index.php?rest_route=%2Fwp%2Fv2%2Ftags&post=5583"}],"curies":[{"name":"wp","href":"https:\/\/api.w.org\/{rel}","templated":true}]}}