{"id":5574,"date":"2009-09-14T10:20:25","date_gmt":"2009-09-14T09:20:25","guid":{"rendered":"http:\/\/jlggb.net\/blog\/?p=5574"},"modified":"2021-02-02T00:13:44","modified_gmt":"2021-02-01T22:13:44","slug":"escalier-decole","status":"publish","type":"post","link":"http:\/\/jlggb.net\/blog\/?p=5574","title":{"rendered":"Escalier d&rsquo;\u00e9cole"},"content":{"rendered":"<p><a href=\"http:\/\/jlggb.net\/blog\/wp-content\/uploads\/2009\/09\/ferik\u00f6y.jpg\" data-rel=\"lightbox-image-0\" data-imagelightbox=\"0\" data-rl_title=\"\" data-rl_caption=\"\"><img loading=\"lazy\" decoding=\"async\" class=\"alignnone size-full wp-image-5575\" title=\"\" src=\"http:\/\/jlggb.net\/blog\/wp-content\/uploads\/2009\/09\/ferik\u00f6y.jpg\" alt=\"ferik\u00f6y\" width=\"640\" height=\"479\" srcset=\"http:\/\/jlggb.net\/blog\/wp-content\/uploads\/2009\/09\/ferik\u00f6y.jpg 1280w, http:\/\/jlggb.net\/blog\/wp-content\/uploads\/2009\/09\/ferik\u00f6y-200x150.jpg 200w, http:\/\/jlggb.net\/blog\/wp-content\/uploads\/2009\/09\/ferik\u00f6y-500x375.jpg 500w, http:\/\/jlggb.net\/blog\/wp-content\/uploads\/2009\/09\/ferik\u00f6y-1024x768.jpg 1024w\" sizes=\"auto, (max-width: 640px) 100vw, 640px\" \/><\/a><br \/>\nLundi 14 septembre 2009, 10h20, Istanbul. Biennale d&rsquo;Istanbul, ancienne \u00e9cole grecque de Ferik\u00f6y, Abide-i H\u00fcrriyet Caddesi No.5. Cette \u00e9cole a ferm\u00e9 faute d&rsquo;\u00e9l\u00e8ves. Mod\u00e8le europ\u00e9en, ou bien universel, douceur des marches, solidit\u00e9 des rampes, brun chocolat.<\/p>\n","protected":false},"excerpt":{"rendered":"<p>Lundi 14 septembre 2009, 10h20, Istanbul. Biennale d&rsquo;Istanbul, ancienne \u00e9cole grecque de Ferik\u00f6y, Abide-i H\u00fcrriyet Caddesi No.5. Cette \u00e9cole a ferm\u00e9 faute d&rsquo;\u00e9l\u00e8ves. Mod\u00e8le europ\u00e9en, ou bien universel, douceur des marches, solidit\u00e9 des rampes, brun chocolat.<\/p>\n","protected":false},"author":2,"featured_media":0,"comment_status":"closed","ping_status":"closed","sticky":false,"template":"","format":"standard","meta":{"footnotes":""},"categories":[18,51,181,13],"tags":[668,635],"class_list":["post-5574","post","type-post","status-publish","format-standard","hentry","category-architecture","category-couleur","category-escalier","category-visite","tag-brun","tag-istanbul"],"_links":{"self":[{"href":"http:\/\/jlggb.net\/blog\/index.php?rest_route=\/wp\/v2\/posts\/5574","targetHints":{"allow":["GET"]}}],"collection":[{"href":"http:\/\/jlggb.net\/blog\/index.php?rest_route=\/wp\/v2\/posts"}],"about":[{"href":"http:\/\/jlggb.net\/blog\/index.php?rest_route=\/wp\/v2\/types\/post"}],"author":[{"embeddable":true,"href":"http:\/\/jlggb.net\/blog\/index.php?rest_route=\/wp\/v2\/users\/2"}],"replies":[{"embeddable":true,"href":"http:\/\/jlggb.net\/blog\/index.php?rest_route=%2Fwp%2Fv2%2Fcomments&post=5574"}],"version-history":[{"count":1,"href":"http:\/\/jlggb.net\/blog\/index.php?rest_route=\/wp\/v2\/posts\/5574\/revisions"}],"predecessor-version":[{"id":7873,"href":"http:\/\/jlggb.net\/blog\/index.php?rest_route=\/wp\/v2\/posts\/5574\/revisions\/7873"}],"wp:attachment":[{"href":"http:\/\/jlggb.net\/blog\/index.php?rest_route=%2Fwp%2Fv2%2Fmedia&parent=5574"}],"wp:term":[{"taxonomy":"category","embeddable":true,"href":"http:\/\/jlggb.net\/blog\/index.php?rest_route=%2Fwp%2Fv2%2Fcategories&post=5574"},{"taxonomy":"post_tag","embeddable":true,"href":"http:\/\/jlggb.net\/blog\/index.php?rest_route=%2Fwp%2Fv2%2Ftags&post=5574"}],"curies":[{"name":"wp","href":"https:\/\/api.w.org\/{rel}","templated":true}]}}