{"id":5501,"date":"2009-09-04T17:45:47","date_gmt":"2009-09-04T16:45:47","guid":{"rendered":"http:\/\/jlggb.net\/blog\/?p=5501"},"modified":"2009-11-04T13:07:18","modified_gmt":"2009-11-04T12:07:18","slug":"5501","status":"publish","type":"post","link":"http:\/\/jlggb.net\/blog\/?p=5501","title":{"rendered":"Escalier gris"},"content":{"rendered":"<p><a href=\"http:\/\/jlggb.net\/blog\/wp-content\/uploads\/2009\/09\/grassi-escalier.jpg\" data-rel=\"lightbox-image-0\" data-imagelightbox=\"0\" data-rl_title=\"\" data-rl_caption=\"\"><img loading=\"lazy\" decoding=\"async\" class=\"alignnone size-full wp-image-5502\" title=\"\" src=\"http:\/\/jlggb.net\/blog\/wp-content\/uploads\/2009\/09\/grassi-escalier.jpg\" alt=\"grassi-escalier\" width=\"640\" height=\"479\" srcset=\"http:\/\/jlggb.net\/blog\/wp-content\/uploads\/2009\/09\/grassi-escalier.jpg 1280w, http:\/\/jlggb.net\/blog\/wp-content\/uploads\/2009\/09\/grassi-escalier-200x150.jpg 200w, http:\/\/jlggb.net\/blog\/wp-content\/uploads\/2009\/09\/grassi-escalier-500x375.jpg 500w, http:\/\/jlggb.net\/blog\/wp-content\/uploads\/2009\/09\/grassi-escalier-1024x768.jpg 1024w\" sizes=\"auto, (max-width: 640px) 100vw, 640px\" \/><\/a><br \/>\nVenise, vendredi 4 septembre 2009, 12h45, escalier du Palazzo Grassi&nbsp;: rachet\u00e9 par le groupe Fiat en 1983, restaur\u00e9 et restructur\u00e9 par Gae Aulenti et Antonio Foscari; rachet\u00e9 en 2005 par Fran\u00e7ois Pinault, r\u00e9am\u00e9nag\u00e9 par Tadao Ando.<\/p>\n","protected":false},"excerpt":{"rendered":"<p>Venise, vendredi 4 septembre 2009, 12h45, escalier du Palazzo Grassi&nbsp;: rachet\u00e9 par le groupe Fiat en 1983, restaur\u00e9 et restructur\u00e9 par Gae Aulenti et Antonio Foscari; rachet\u00e9 en 2005 par Fran\u00e7ois Pinault, r\u00e9am\u00e9nag\u00e9 par Tadao Ando.<\/p>\n","protected":false},"author":2,"featured_media":0,"comment_status":"closed","ping_status":"closed","sticky":false,"template":"","format":"standard","meta":{"footnotes":""},"categories":[18,181,9],"tags":[],"class_list":["post-5501","post","type-post","status-publish","format-standard","hentry","category-architecture","category-escalier","category-exposition"],"_links":{"self":[{"href":"http:\/\/jlggb.net\/blog\/index.php?rest_route=\/wp\/v2\/posts\/5501","targetHints":{"allow":["GET"]}}],"collection":[{"href":"http:\/\/jlggb.net\/blog\/index.php?rest_route=\/wp\/v2\/posts"}],"about":[{"href":"http:\/\/jlggb.net\/blog\/index.php?rest_route=\/wp\/v2\/types\/post"}],"author":[{"embeddable":true,"href":"http:\/\/jlggb.net\/blog\/index.php?rest_route=\/wp\/v2\/users\/2"}],"replies":[{"embeddable":true,"href":"http:\/\/jlggb.net\/blog\/index.php?rest_route=%2Fwp%2Fv2%2Fcomments&post=5501"}],"version-history":[{"count":0,"href":"http:\/\/jlggb.net\/blog\/index.php?rest_route=\/wp\/v2\/posts\/5501\/revisions"}],"wp:attachment":[{"href":"http:\/\/jlggb.net\/blog\/index.php?rest_route=%2Fwp%2Fv2%2Fmedia&parent=5501"}],"wp:term":[{"taxonomy":"category","embeddable":true,"href":"http:\/\/jlggb.net\/blog\/index.php?rest_route=%2Fwp%2Fv2%2Fcategories&post=5501"},{"taxonomy":"post_tag","embeddable":true,"href":"http:\/\/jlggb.net\/blog\/index.php?rest_route=%2Fwp%2Fv2%2Ftags&post=5501"}],"curies":[{"name":"wp","href":"https:\/\/api.w.org\/{rel}","templated":true}]}}