{"id":5419,"date":"2009-09-23T23:44:16","date_gmt":"2009-09-23T22:44:16","guid":{"rendered":"http:\/\/jlggb.net\/blog\/?p=5419"},"modified":"2025-09-18T22:42:49","modified_gmt":"2025-09-18T20:42:49","slug":"lumiere-dun-projecteur","status":"publish","type":"post","link":"http:\/\/jlggb.net\/blog\/?p=5419","title":{"rendered":"Lumi\u00e8re d&rsquo;un projecteur"},"content":{"rendered":"<p><a href=\"http:\/\/jlggb.net\/blog\/wp-content\/uploads\/2009\/09\/wyh-2009.jpg\" data-rel=\"lightbox-image-0\" data-imagelightbox=\"0\" data-rl_title=\"\" data-rl_caption=\"\"><img loading=\"lazy\" decoding=\"async\" class=\"alignnone size-full wp-image-5418\" title=\"\" src=\"http:\/\/jlggb.net\/blog\/wp-content\/uploads\/2009\/09\/wyh-2009.jpg\" alt=\"wyh-2009\" width=\"640\" height=\"480\" srcset=\"http:\/\/jlggb.net\/blog\/wp-content\/uploads\/2009\/09\/wyh-2009.jpg 1280w, http:\/\/jlggb.net\/blog\/wp-content\/uploads\/2009\/09\/wyh-2009-200x150.jpg 200w, http:\/\/jlggb.net\/blog\/wp-content\/uploads\/2009\/09\/wyh-2009-500x375.jpg 500w, http:\/\/jlggb.net\/blog\/wp-content\/uploads\/2009\/09\/wyh-2009-1024x768.jpg 1024w\" sizes=\"auto, (max-width: 640px) 100vw, 640px\" \/><\/a><br \/>\nMercredi 23 septembre 2009, 20h, Paris, 4e. Dans l&rsquo;exposition de la galerie de la rue du Clo\u00eetre Saint-Merri, pour la semaine des cultures \u00e9trang\u00e8res, Centre culturel de Taiwan \u00e0 Paris, Wu Yi-hua.<\/p>\n","protected":false},"excerpt":{"rendered":"<p>Mercredi 23 septembre 2009, 20h, Paris, 4e. Dans l&rsquo;exposition de la galerie de la rue du Clo\u00eetre Saint-Merri, pour la semaine des cultures \u00e9trang\u00e8res, Centre culturel de Taiwan \u00e0 Paris, Wu Yi-hua.<\/p>\n","protected":false},"author":2,"featured_media":0,"comment_status":"closed","ping_status":"closed","sticky":false,"template":"","format":"standard","meta":{"footnotes":""},"categories":[51,25,101],"tags":[658],"class_list":["post-5419","post","type-post","status-publish","format-standard","hentry","category-couleur","category-personne","category-rendez-vous","tag-galerie"],"_links":{"self":[{"href":"http:\/\/jlggb.net\/blog\/index.php?rest_route=\/wp\/v2\/posts\/5419","targetHints":{"allow":["GET"]}}],"collection":[{"href":"http:\/\/jlggb.net\/blog\/index.php?rest_route=\/wp\/v2\/posts"}],"about":[{"href":"http:\/\/jlggb.net\/blog\/index.php?rest_route=\/wp\/v2\/types\/post"}],"author":[{"embeddable":true,"href":"http:\/\/jlggb.net\/blog\/index.php?rest_route=\/wp\/v2\/users\/2"}],"replies":[{"embeddable":true,"href":"http:\/\/jlggb.net\/blog\/index.php?rest_route=%2Fwp%2Fv2%2Fcomments&post=5419"}],"version-history":[{"count":4,"href":"http:\/\/jlggb.net\/blog\/index.php?rest_route=\/wp\/v2\/posts\/5419\/revisions"}],"predecessor-version":[{"id":8055,"href":"http:\/\/jlggb.net\/blog\/index.php?rest_route=\/wp\/v2\/posts\/5419\/revisions\/8055"}],"wp:attachment":[{"href":"http:\/\/jlggb.net\/blog\/index.php?rest_route=%2Fwp%2Fv2%2Fmedia&parent=5419"}],"wp:term":[{"taxonomy":"category","embeddable":true,"href":"http:\/\/jlggb.net\/blog\/index.php?rest_route=%2Fwp%2Fv2%2Fcategories&post=5419"},{"taxonomy":"post_tag","embeddable":true,"href":"http:\/\/jlggb.net\/blog\/index.php?rest_route=%2Fwp%2Fv2%2Ftags&post=5419"}],"curies":[{"name":"wp","href":"https:\/\/api.w.org\/{rel}","templated":true}]}}