{"id":5382,"date":"2009-09-11T20:30:24","date_gmt":"2009-09-11T19:30:24","guid":{"rendered":"http:\/\/jlggb.net\/blog\/?p=5382"},"modified":"2021-02-02T01:06:07","modified_gmt":"2021-02-01T23:06:07","slug":"brecht-a-istanbul","status":"publish","type":"post","link":"http:\/\/jlggb.net\/blog\/?p=5382","title":{"rendered":"Brecht \u00e0 Istanbul"},"content":{"rendered":"<p><a href=\"http:\/\/jlggb.net\/blog\/wp-content\/uploads\/2009\/10\/bienal.jpg\" data-rel=\"lightbox-image-0\" data-imagelightbox=\"0\" data-rl_title=\"\" data-rl_caption=\"\"><img loading=\"lazy\" decoding=\"async\" class=\"alignnone size-full wp-image-5610\" title=\"\" src=\"http:\/\/jlggb.net\/blog\/wp-content\/uploads\/2009\/10\/bienal.jpg\" alt=\"bienal\" width=\"640\" height=\"480\" srcset=\"http:\/\/jlggb.net\/blog\/wp-content\/uploads\/2009\/10\/bienal.jpg 1280w, http:\/\/jlggb.net\/blog\/wp-content\/uploads\/2009\/10\/bienal-200x150.jpg 200w, http:\/\/jlggb.net\/blog\/wp-content\/uploads\/2009\/10\/bienal-500x375.jpg 500w, http:\/\/jlggb.net\/blog\/wp-content\/uploads\/2009\/10\/bienal-1024x768.jpg 1024w\" sizes=\"auto, (max-width: 640px) 100vw, 640px\" \/><\/a><br \/>\n<a href=\"http:\/\/jlggb.net\/blog\/wp-content\/uploads\/2009\/09\/whw-istanbul-bienal.jpg\" data-rel=\"lightbox-image-1\" data-imagelightbox=\"1\" data-rl_title=\"\" data-rl_caption=\"\"><img loading=\"lazy\" decoding=\"async\" class=\"alignnone size-full wp-image-5446\" title=\"\" src=\"http:\/\/jlggb.net\/blog\/wp-content\/uploads\/2009\/09\/whw-istanbul-bienal.jpg\" alt=\"whw-istanbul-bienal\" width=\"640\" height=\"480\" srcset=\"http:\/\/jlggb.net\/blog\/wp-content\/uploads\/2009\/09\/whw-istanbul-bienal.jpg 1280w, http:\/\/jlggb.net\/blog\/wp-content\/uploads\/2009\/09\/whw-istanbul-bienal-200x150.jpg 200w, http:\/\/jlggb.net\/blog\/wp-content\/uploads\/2009\/09\/whw-istanbul-bienal-500x375.jpg 500w, http:\/\/jlggb.net\/blog\/wp-content\/uploads\/2009\/09\/whw-istanbul-bienal-1024x768.jpg 1024w\" sizes=\"auto, (max-width: 640px) 100vw, 640px\" \/><\/a><br \/>\nVendredi 11 septembre 2009, vers 20h30, Istanbul.\u00a0Discours-performance des quatre commissaires \u2014\u00a0Collectif What, How &amp; for Whom\/WHW de Zagreb&nbsp;: Ivet&nbsp;?urlin, Ana Devi?, Nata\u0161a Ili?, Sabina Sabolovi? \u2014\u00a0lors de l&rsquo;inauguration de la biennale d&rsquo;Istanbul le 11 septembre 2009 vers 20h30\u00a0devant plus de 2 000 personnes, dont, assis sur des chaises, les officiels, les sponsors, les invit\u00e9s de la presse et des mus\u00e9es etc.\u00a0On ne discute pas ici le bien fond\u00e9 de la r\u00e9f\u00e9rence massive faite \u00e0 Brecht par les commissaires de la XIe biennale d&rsquo;Istanbul. On s&rsquo;amuse \u00e0 la rapprocher des archives de la mise en sc\u00e8ne, fin 1968, par Gaston Jung au th\u00e9\u00e2tre de recherche Les Drapiers de Strasbourg, de la \u00ab\u00a0pi\u00e8ce didactique\u00a0\u00bb de Brecht&nbsp;: <em>L&rsquo;Importance d&rsquo;\u00eatre d&rsquo;accord<\/em>, 1929.<\/p>\n<p><a href=\"http:\/\/jlggb.net\/blog\/wp-content\/uploads\/2009\/09\/bb-bureaux.jpg\" data-rel=\"lightbox-image-2\" data-imagelightbox=\"2\" data-rl_title=\"\" data-rl_caption=\"\"><img loading=\"lazy\" decoding=\"async\" class=\"alignnone size-full wp-image-5383\" title=\"\" src=\"http:\/\/jlggb.net\/blog\/wp-content\/uploads\/2009\/09\/bb-bureaux.jpg\" alt=\"bb-bureaux\" width=\"640\" height=\"480\" srcset=\"http:\/\/jlggb.net\/blog\/wp-content\/uploads\/2009\/09\/bb-bureaux.jpg 1280w, http:\/\/jlggb.net\/blog\/wp-content\/uploads\/2009\/09\/bb-bureaux-200x150.jpg 200w, http:\/\/jlggb.net\/blog\/wp-content\/uploads\/2009\/09\/bb-bureaux-500x375.jpg 500w, http:\/\/jlggb.net\/blog\/wp-content\/uploads\/2009\/09\/bb-bureaux-1024x768.jpg 1024w\" sizes=\"auto, (max-width: 640px) 100vw, 640px\" \/><\/a><br \/>\n<a href=\"http:\/\/jlggb.net\/blog\/wp-content\/uploads\/2009\/09\/bb-citation.jpg\" data-rel=\"lightbox-image-3\" data-imagelightbox=\"3\" data-rl_title=\"\" data-rl_caption=\"\"><img loading=\"lazy\" decoding=\"async\" class=\"alignnone size-full wp-image-5384\" title=\"\" src=\"http:\/\/jlggb.net\/blog\/wp-content\/uploads\/2009\/09\/bb-citation.jpg\" alt=\"bb-citation\" width=\"640\" height=\"479\" srcset=\"http:\/\/jlggb.net\/blog\/wp-content\/uploads\/2009\/09\/bb-citation.jpg 1280w, http:\/\/jlggb.net\/blog\/wp-content\/uploads\/2009\/09\/bb-citation-200x150.jpg 200w, http:\/\/jlggb.net\/blog\/wp-content\/uploads\/2009\/09\/bb-citation-500x375.jpg 500w, http:\/\/jlggb.net\/blog\/wp-content\/uploads\/2009\/09\/bb-citation-1024x768.jpg 1024w\" sizes=\"auto, (max-width: 640px) 100vw, 640px\" \/><\/a><br \/>\n<a href=\"http:\/\/jlggb.net\/blog\/wp-content\/uploads\/2009\/09\/bb-ihr.jpg\" data-rel=\"lightbox-image-4\" data-imagelightbox=\"4\" data-rl_title=\"\" data-rl_caption=\"\"><img loading=\"lazy\" decoding=\"async\" class=\"alignnone size-full wp-image-5385\" title=\"\" src=\"http:\/\/jlggb.net\/blog\/wp-content\/uploads\/2009\/09\/bb-ihr.jpg\" alt=\"bb-ihr\" width=\"640\" height=\"480\" srcset=\"http:\/\/jlggb.net\/blog\/wp-content\/uploads\/2009\/09\/bb-ihr.jpg 1280w, http:\/\/jlggb.net\/blog\/wp-content\/uploads\/2009\/09\/bb-ihr-200x150.jpg 200w, http:\/\/jlggb.net\/blog\/wp-content\/uploads\/2009\/09\/bb-ihr-500x375.jpg 500w, http:\/\/jlggb.net\/blog\/wp-content\/uploads\/2009\/09\/bb-ihr-1024x768.jpg 1024w\" sizes=\"auto, (max-width: 640px) 100vw, 640px\" \/><\/a><br \/>\n<a href=\"http:\/\/jlggb.net\/blog\/wp-content\/uploads\/2009\/09\/bb-sind.jpg\" data-rel=\"lightbox-image-5\" data-imagelightbox=\"5\" data-rl_title=\"\" data-rl_caption=\"\"><img loading=\"lazy\" decoding=\"async\" class=\"alignnone size-full wp-image-5386\" title=\"\" src=\"http:\/\/jlggb.net\/blog\/wp-content\/uploads\/2009\/09\/bb-sind.jpg\" alt=\"bb-sind\" width=\"640\" height=\"480\" srcset=\"http:\/\/jlggb.net\/blog\/wp-content\/uploads\/2009\/09\/bb-sind.jpg 1280w, http:\/\/jlggb.net\/blog\/wp-content\/uploads\/2009\/09\/bb-sind-200x150.jpg 200w, http:\/\/jlggb.net\/blog\/wp-content\/uploads\/2009\/09\/bb-sind-500x375.jpg 500w, http:\/\/jlggb.net\/blog\/wp-content\/uploads\/2009\/09\/bb-sind-1024x768.jpg 1024w\" sizes=\"auto, (max-width: 640px) 100vw, 640px\" \/><\/a><br \/>\nSamedi 12 septembre 2009, 14h, Tobacco Warehouse, Tophane, Istanbul. Le caract\u00e8re employ\u00e9 est le <a href=\"http:\/\/www.emigre.com\/EFfeature.php?di=79\" target=\"_blank\" rel=\"noopener\">Base Twelve dessin\u00e9 par Zuzana Licko pour Emigre en 1995<\/a>, utilis\u00e9 dans <em>Moments de Jean-Jacques Rousseau<\/em>, 1996-2000.<\/p>\n<p style=\"text-align: center;\"><a href=\"http:\/\/jlggb.net\/blog\/wp-content\/uploads\/2009\/09\/bb-arche-IX.jpg\" data-rel=\"lightbox-image-6\" data-imagelightbox=\"6\" data-rl_title=\"\" data-rl_caption=\"\"><img loading=\"lazy\" decoding=\"async\" class=\"size-full wp-image-5391 aligncenter\" title=\"\" src=\"http:\/\/jlggb.net\/blog\/wp-content\/uploads\/2009\/09\/bb-arche-IX.jpg\" alt=\"bb-arche-IX\" width=\"200\" height=\"267\" srcset=\"http:\/\/jlggb.net\/blog\/wp-content\/uploads\/2009\/09\/bb-arche-IX.jpg 600w, http:\/\/jlggb.net\/blog\/wp-content\/uploads\/2009\/09\/bb-arche-IX-112x150.jpg 112w, http:\/\/jlggb.net\/blog\/wp-content\/uploads\/2009\/09\/bb-arche-IX-281x375.jpg 281w\" sizes=\"auto, (max-width: 200px) 100vw, 200px\" \/><\/a><br \/>\nBertolt Brecht, <em>Th\u00e9\u00e2tre complet<\/em>, L&rsquo;Arche, Paris, 1961, deuxi\u00e8me \u00e9dition, 1964.<br \/>\nArchives jlggb.<\/p>\n<p><a href=\"http:\/\/jlggb.net\/blog\/wp-content\/uploads\/2009\/09\/drapiers-1968-1.jpg\" data-rel=\"lightbox-image-7\" data-imagelightbox=\"7\" data-rl_title=\"\" data-rl_caption=\"\"><img loading=\"lazy\" decoding=\"async\" class=\"size-full wp-image-5392\" title=\"\" src=\"http:\/\/jlggb.net\/blog\/wp-content\/uploads\/2009\/09\/drapiers-1968-1.jpg\" alt=\"drapiers-1968-1\" width=\"640\" height=\"464\" srcset=\"http:\/\/jlggb.net\/blog\/wp-content\/uploads\/2009\/09\/drapiers-1968-1.jpg 1280w, http:\/\/jlggb.net\/blog\/wp-content\/uploads\/2009\/09\/drapiers-1968-1-200x145.jpg 200w, http:\/\/jlggb.net\/blog\/wp-content\/uploads\/2009\/09\/drapiers-1968-1-500x362.jpg 500w, http:\/\/jlggb.net\/blog\/wp-content\/uploads\/2009\/09\/drapiers-1968-1-1024x743.jpg 1024w\" sizes=\"auto, (max-width: 640px) 100vw, 640px\" \/><\/a><br \/>\n<a href=\"http:\/\/jlggb.net\/blog\/wp-content\/uploads\/2009\/09\/drapiers-1968-3.jpg\" data-rel=\"lightbox-image-8\" data-imagelightbox=\"8\" data-rl_title=\"\" data-rl_caption=\"\"><img loading=\"lazy\" decoding=\"async\" class=\"alignnone size-full wp-image-5393\" title=\"\" src=\"http:\/\/jlggb.net\/blog\/wp-content\/uploads\/2009\/09\/drapiers-1968-2.jpg\" alt=\"drapiers-1968-2\" width=\"640\" height=\"463\" srcset=\"http:\/\/jlggb.net\/blog\/wp-content\/uploads\/2009\/09\/drapiers-1968-2-200x145.jpg 200w, http:\/\/jlggb.net\/blog\/wp-content\/uploads\/2009\/09\/drapiers-1968-2-500x362.jpg 500w, http:\/\/jlggb.net\/blog\/wp-content\/uploads\/2009\/09\/drapiers-1968-2-1024x743.jpg 1024w\" sizes=\"auto, (max-width: 640px) 100vw, 640px\" \/><\/a><br \/>\n<a href=\"http:\/\/jlggb.net\/blog\/wp-content\/uploads\/2009\/09\/drapiers-1968-3.jpg\" data-rel=\"lightbox-image-9\" data-imagelightbox=\"9\" data-rl_title=\"\" data-rl_caption=\"\"><img loading=\"lazy\" decoding=\"async\" class=\"alignnone size-full wp-image-5394\" title=\"\" src=\"http:\/\/jlggb.net\/blog\/wp-content\/uploads\/2009\/09\/drapiers-1968-3.jpg\" alt=\"drapiers-1968-3\" width=\"640\" height=\"464\" srcset=\"http:\/\/jlggb.net\/blog\/wp-content\/uploads\/2009\/09\/drapiers-1968-3.jpg 1280w, http:\/\/jlggb.net\/blog\/wp-content\/uploads\/2009\/09\/drapiers-1968-3-200x145.jpg 200w, http:\/\/jlggb.net\/blog\/wp-content\/uploads\/2009\/09\/drapiers-1968-3-500x362.jpg 500w, http:\/\/jlggb.net\/blog\/wp-content\/uploads\/2009\/09\/drapiers-1968-3-1024x743.jpg 1024w\" sizes=\"auto, (max-width: 640px) 100vw, 640px\" \/><\/a><br \/>\n<a href=\"http:\/\/jlggb.net\/blog\/wp-content\/uploads\/2009\/09\/brecht-drapiers-2-1024.jpg\" data-rel=\"lightbox-image-10\" data-imagelightbox=\"10\" data-rl_title=\"\" data-rl_caption=\"\"><img loading=\"lazy\" decoding=\"async\" class=\"alignnone size-full wp-image-5396\" title=\"\" src=\"http:\/\/jlggb.net\/blog\/wp-content\/uploads\/2009\/09\/brecht-drapiers-2-1024.jpg\" alt=\"brecht-drapiers-2-1024\" width=\"640\" height=\"426\" srcset=\"http:\/\/jlggb.net\/blog\/wp-content\/uploads\/2009\/09\/brecht-drapiers-2-1024.jpg 1024w, http:\/\/jlggb.net\/blog\/wp-content\/uploads\/2009\/09\/brecht-drapiers-2-1024-200x133.jpg 200w, http:\/\/jlggb.net\/blog\/wp-content\/uploads\/2009\/09\/brecht-drapiers-2-1024-500x333.jpg 500w\" sizes=\"auto, (max-width: 640px) 100vw, 640px\" \/><\/a><br \/>\nSix pages d&rsquo;un livret de 12 pages, 185 x 128 mm&nbsp;: <em>Recherches-Cahiers des Drapiers<\/em>, Strasbourg, N\u00b01, octobre 1968, maquette&nbsp;: J.-L.B. + J.-L.B, \u00a0archives jlggb.\u00a0La composition \u2014 typographie authentique par l&rsquo;IREG, Strasbourg \u2014 est en caract\u00e8re Europe, comparable au Futura \u2014 Bauhaus, Paul Renner \u2014 vendue depuis 1930 par Deberny et Peignot.\u00a0Bertolt Brecht&nbsp;: <em>L&rsquo;Importance d&rsquo;\u00eatre d&rsquo;accord<\/em>, mise en sc\u00e8ne par Gaston Jung, avec Ren\u00e9-Marie F\u00e9ret, Eve de Cantellauve \u2014 photo \u2014 et d&rsquo;autres, dont Robert Giron\u00e8s, G\u00e9rard Chaillou, Jean Hutin, etc.\u00a0Sc\u00e9nographie&nbsp;: J.-L.B. assist\u00e9 de J.-L.B. Photo jlggb.<\/p>\n","protected":false},"excerpt":{"rendered":"<p>Vendredi 11 septembre 2009, vers 20h30, Istanbul.\u00a0Discours-performance des quatre commissaires \u2014\u00a0Collectif What, How &amp; for Whom\/WHW de Zagreb&nbsp;: Ivet&nbsp;?urlin, Ana Devi?, Nata\u0161a Ili?, Sabina Sabolovi? \u2014\u00a0lors de l&rsquo;inauguration de la biennale d&rsquo;Istanbul le 11 septembre 2009 vers 20h30\u00a0devant plus de 2 000 personnes, dont, assis sur des chaises, les officiels, les sponsors, les invit\u00e9s de &hellip; <a href=\"http:\/\/jlggb.net\/blog\/?p=5382\" class=\"more-link\">Continuer la lecture de <span class=\"screen-reader-text\">Brecht \u00e0 Istanbul<\/span><\/a><\/p>\n","protected":false},"author":2,"featured_media":0,"comment_status":"closed","ping_status":"closed","sticky":false,"template":"","format":"standard","meta":{"footnotes":""},"categories":[45,106,11,10,330],"tags":[653,655,635],"class_list":["post-5382","post","type-post","status-publish","format-standard","hentry","category-arrive-enfin","category-coincidence","category-langage","category-livre-2","category-typographie","tag-biennale","tag-brecht","tag-istanbul"],"_links":{"self":[{"href":"http:\/\/jlggb.net\/blog\/index.php?rest_route=\/wp\/v2\/posts\/5382","targetHints":{"allow":["GET"]}}],"collection":[{"href":"http:\/\/jlggb.net\/blog\/index.php?rest_route=\/wp\/v2\/posts"}],"about":[{"href":"http:\/\/jlggb.net\/blog\/index.php?rest_route=\/wp\/v2\/types\/post"}],"author":[{"embeddable":true,"href":"http:\/\/jlggb.net\/blog\/index.php?rest_route=\/wp\/v2\/users\/2"}],"replies":[{"embeddable":true,"href":"http:\/\/jlggb.net\/blog\/index.php?rest_route=%2Fwp%2Fv2%2Fcomments&post=5382"}],"version-history":[{"count":22,"href":"http:\/\/jlggb.net\/blog\/index.php?rest_route=\/wp\/v2\/posts\/5382\/revisions"}],"predecessor-version":[{"id":7901,"href":"http:\/\/jlggb.net\/blog\/index.php?rest_route=\/wp\/v2\/posts\/5382\/revisions\/7901"}],"wp:attachment":[{"href":"http:\/\/jlggb.net\/blog\/index.php?rest_route=%2Fwp%2Fv2%2Fmedia&parent=5382"}],"wp:term":[{"taxonomy":"category","embeddable":true,"href":"http:\/\/jlggb.net\/blog\/index.php?rest_route=%2Fwp%2Fv2%2Fcategories&post=5382"},{"taxonomy":"post_tag","embeddable":true,"href":"http:\/\/jlggb.net\/blog\/index.php?rest_route=%2Fwp%2Fv2%2Ftags&post=5382"}],"curies":[{"name":"wp","href":"https:\/\/api.w.org\/{rel}","templated":true}]}}