{"id":518,"date":"2008-08-28T02:08:05","date_gmt":"2008-08-28T00:08:05","guid":{"rendered":"http:\/\/jlggb.net\/blog\/?p=518"},"modified":"2011-05-22T10:25:22","modified_gmt":"2011-05-22T08:25:22","slug":"occupe-xx-vittel","status":"publish","type":"post","link":"http:\/\/jlggb.net\/blog\/?p=518","title":{"rendered":"Occupation (17. \u00c0 contresens)"},"content":{"rendered":"<p>Toujours le m\u00eame dispositif&nbsp;: sortir l&rsquo;appareil et le poser sur la table pour d\u00e9clencher. Remarque&nbsp;: le train roule vers la gauche; quand on est assis \u00e0 contresens il faut trouver une position conforme aux forces de traction et d&rsquo;inertie en pr\u00e9sence.<\/p>\n<p><a href=\"http:\/\/jlggb.net\/blog\/wp-content\/uploads\/2008\/08\/tgv_25082008_19h12.jpg\" data-rel=\"lightbox-image-0\" data-imagelightbox=\"0\" data-rl_title=\"\" data-rl_caption=\"\"><img loading=\"lazy\" decoding=\"async\" class=\"alignnone size-full wp-image-519\" title=\"\" src=\"http:\/\/jlggb.net\/blog\/wp-content\/uploads\/2008\/08\/tgv_25082008_19h12.jpg\" alt=\"\" width=\"640\" height=\"479\" \/><\/a><br \/>\nTgv d&rsquo;Annecy vers Paris, lundi 25 ao\u00fbt 2008, 19h12 (le long du lac du Bourget).<\/p>\n","protected":false},"excerpt":{"rendered":"<p>Toujours le m\u00eame dispositif&nbsp;: sortir l&rsquo;appareil et le poser sur la table pour d\u00e9clencher. Remarque&nbsp;: le train roule vers la gauche; quand on est assis \u00e0 contresens il faut trouver une position conforme aux forces de traction et d&rsquo;inertie en pr\u00e9sence. Tgv d&rsquo;Annecy vers Paris, lundi 25 ao\u00fbt 2008, 19h12 (le long du lac du &hellip; <a href=\"http:\/\/jlggb.net\/blog\/?p=518\" class=\"more-link\">Continuer la lecture de <span class=\"screen-reader-text\">Occupation (17. \u00c0 contresens)<\/span><\/a><\/p>\n","protected":false},"author":2,"featured_media":0,"comment_status":"closed","ping_status":"closed","sticky":false,"template":"","format":"standard","meta":{"footnotes":""},"categories":[39,105,25,26],"tags":[],"class_list":["post-518","post","type-post","status-publish","format-standard","hentry","category-collection","category-occupe","category-personne","category-transport"],"_links":{"self":[{"href":"http:\/\/jlggb.net\/blog\/index.php?rest_route=\/wp\/v2\/posts\/518","targetHints":{"allow":["GET"]}}],"collection":[{"href":"http:\/\/jlggb.net\/blog\/index.php?rest_route=\/wp\/v2\/posts"}],"about":[{"href":"http:\/\/jlggb.net\/blog\/index.php?rest_route=\/wp\/v2\/types\/post"}],"author":[{"embeddable":true,"href":"http:\/\/jlggb.net\/blog\/index.php?rest_route=\/wp\/v2\/users\/2"}],"replies":[{"embeddable":true,"href":"http:\/\/jlggb.net\/blog\/index.php?rest_route=%2Fwp%2Fv2%2Fcomments&post=518"}],"version-history":[{"count":0,"href":"http:\/\/jlggb.net\/blog\/index.php?rest_route=\/wp\/v2\/posts\/518\/revisions"}],"wp:attachment":[{"href":"http:\/\/jlggb.net\/blog\/index.php?rest_route=%2Fwp%2Fv2%2Fmedia&parent=518"}],"wp:term":[{"taxonomy":"category","embeddable":true,"href":"http:\/\/jlggb.net\/blog\/index.php?rest_route=%2Fwp%2Fv2%2Fcategories&post=518"},{"taxonomy":"post_tag","embeddable":true,"href":"http:\/\/jlggb.net\/blog\/index.php?rest_route=%2Fwp%2Fv2%2Ftags&post=518"}],"curies":[{"name":"wp","href":"https:\/\/api.w.org\/{rel}","templated":true}]}}