{"id":510,"date":"2008-08-06T17:28:01","date_gmt":"2008-08-06T15:28:01","guid":{"rendered":"http:\/\/jlggb.net\/blog\/?p=510"},"modified":"2009-09-09T15:52:17","modified_gmt":"2009-09-09T14:52:17","slug":"la-rubrique-est-dans-lescalier","status":"publish","type":"post","link":"http:\/\/jlggb.net\/blog\/?p=510","title":{"rendered":"Ind\u00e9l\u00e9bile (bleu)"},"content":{"rendered":"<p>Les escaliers (l&rsquo;ascenseur aussi) de chez Dreyfus, d\u00e9ballage du March\u00e9 Saint-Pierre, sont des endroits qui sont ind\u00e9l\u00e9biles dans la m\u00e9moire. D&rsquo;abord parce qu&rsquo;ils ne changent pas, peut-\u00eatre aussi \u00e0 cause de la peinture bleue (associ\u00e9e au bleu clair des sacs en papier) et des inscriptions blanches.<\/p>\n<p>\u00ab Avec un grand angle et de la couleur \u00bb, les escaliers sont saisissables; et il y en a d\u00e9j\u00e0 un certain nombre, de quoi ouvrir une rubrique.<\/p>\n<p><a href=\"http:\/\/jlggb.net\/blog\/wp-content\/uploads\/2008\/08\/dreyfus_05-08-08.jpg\" data-rel=\"lightbox-image-0\" data-imagelightbox=\"0\" data-rl_title=\"\" data-rl_caption=\"\"><img loading=\"lazy\" decoding=\"async\" class=\"alignnone size-full wp-image-511\" title=\"\" src=\"http:\/\/jlggb.net\/blog\/wp-content\/uploads\/2008\/08\/dreyfus_05-08-08.jpg\" alt=\"\" width=\"640\" height=\"480\" \/><\/a><br \/>\nMardi 5 ao\u00fbt 2008, 16h10.<\/p>\n","protected":false},"excerpt":{"rendered":"<p>Les escaliers (l&rsquo;ascenseur aussi) de chez Dreyfus, d\u00e9ballage du March\u00e9 Saint-Pierre, sont des endroits qui sont ind\u00e9l\u00e9biles dans la m\u00e9moire. D&rsquo;abord parce qu&rsquo;ils ne changent pas, peut-\u00eatre aussi \u00e0 cause de la peinture bleue (associ\u00e9e au bleu clair des sacs en papier) et des inscriptions blanches. \u00ab Avec un grand angle et de la couleur &hellip; <a href=\"http:\/\/jlggb.net\/blog\/?p=510\" class=\"more-link\">Continuer la lecture de <span class=\"screen-reader-text\">Ind\u00e9l\u00e9bile (bleu)<\/span><\/a><\/p>\n","protected":false},"author":2,"featured_media":0,"comment_status":"closed","ping_status":"closed","sticky":false,"template":"","format":"standard","meta":{"footnotes":""},"categories":[18,39,51,181,11,46],"tags":[36,840,182],"class_list":["post-510","post","type-post","status-publish","format-standard","hentry","category-architecture","category-collection","category-couleur","category-escalier","category-langage","category-monument","tag-bleu","tag-escalier","tag-marche-saint-pierre"],"_links":{"self":[{"href":"http:\/\/jlggb.net\/blog\/index.php?rest_route=\/wp\/v2\/posts\/510","targetHints":{"allow":["GET"]}}],"collection":[{"href":"http:\/\/jlggb.net\/blog\/index.php?rest_route=\/wp\/v2\/posts"}],"about":[{"href":"http:\/\/jlggb.net\/blog\/index.php?rest_route=\/wp\/v2\/types\/post"}],"author":[{"embeddable":true,"href":"http:\/\/jlggb.net\/blog\/index.php?rest_route=\/wp\/v2\/users\/2"}],"replies":[{"embeddable":true,"href":"http:\/\/jlggb.net\/blog\/index.php?rest_route=%2Fwp%2Fv2%2Fcomments&post=510"}],"version-history":[{"count":0,"href":"http:\/\/jlggb.net\/blog\/index.php?rest_route=\/wp\/v2\/posts\/510\/revisions"}],"wp:attachment":[{"href":"http:\/\/jlggb.net\/blog\/index.php?rest_route=%2Fwp%2Fv2%2Fmedia&parent=510"}],"wp:term":[{"taxonomy":"category","embeddable":true,"href":"http:\/\/jlggb.net\/blog\/index.php?rest_route=%2Fwp%2Fv2%2Fcategories&post=510"},{"taxonomy":"post_tag","embeddable":true,"href":"http:\/\/jlggb.net\/blog\/index.php?rest_route=%2Fwp%2Fv2%2Ftags&post=510"}],"curies":[{"name":"wp","href":"https:\/\/api.w.org\/{rel}","templated":true}]}}