{"id":489,"date":"2008-07-28T22:25:20","date_gmt":"2008-07-28T20:25:20","guid":{"rendered":"http:\/\/jlggb.net\/blog\/?p=489"},"modified":"2009-11-19T23:32:03","modified_gmt":"2009-11-19T23:32:03","slug":"fauteuil-rustique-provencal","status":"publish","type":"post","link":"http:\/\/jlggb.net\/blog\/?p=489","title":{"rendered":"Fauteuil rustique proven\u00e7al"},"content":{"rendered":"<p><a href=\"http:\/\/jlggb.net\/blog\/wp-content\/uploads\/2008\/07\/fauteuil_lamastre.jpg\" data-rel=\"lightbox-image-0\" data-imagelightbox=\"0\" data-rl_title=\"\" data-rl_caption=\"\"><img loading=\"lazy\" decoding=\"async\" class=\"alignnone size-full wp-image-490\" title=\"\" src=\"http:\/\/jlggb.net\/blog\/wp-content\/uploads\/2008\/07\/fauteuil_lamastre.jpg\" alt=\"\" width=\"640\" height=\"480\" \/><\/a><br \/>\nAnnecy, 20 juillet 2008, 10h.<\/p>\n<p>Fauteuil de chez Jean Charras, \u00e9b\u00e9niste \u00e0 Lamastre, Ard\u00e8che. D&rsquo;une paire achet\u00e9e vers 1958 pour la maison du 13 rue Hugues Lebon \u00e0 Valence.<br \/>\nC&rsquo;est une chaise devenue fauteuil en s&rsquo;abaissant et en s&rsquo;\u00e9largissant un peu, par l&rsquo;adjonction minimaliste d&rsquo;accoudoirs. La l\u00e9g\u00e8ret\u00e9 de l&rsquo;ensemble, la rationalit\u00e9 de l&rsquo;assemblage, rapprochent ce fauteuil d&rsquo;autres fauteuils autrement mieux consid\u00e9r\u00e9s, en Scandinavie et au Japon, par le mobilier contemporain.<\/p>\n","protected":false},"excerpt":{"rendered":"<p>Annecy, 20 juillet 2008, 10h. Fauteuil de chez Jean Charras, \u00e9b\u00e9niste \u00e0 Lamastre, Ard\u00e8che. D&rsquo;une paire achet\u00e9e vers 1958 pour la maison du 13 rue Hugues Lebon \u00e0 Valence. C&rsquo;est une chaise devenue fauteuil en s&rsquo;abaissant et en s&rsquo;\u00e9largissant un peu, par l&rsquo;adjonction minimaliste d&rsquo;accoudoirs. La l\u00e9g\u00e8ret\u00e9 de l&rsquo;ensemble, la rationalit\u00e9 de l&rsquo;assemblage, rapprochent ce &hellip; <a href=\"http:\/\/jlggb.net\/blog\/?p=489\" class=\"more-link\">Continuer la lecture de <span class=\"screen-reader-text\">Fauteuil rustique proven\u00e7al<\/span><\/a><\/p>\n","protected":false},"author":2,"featured_media":0,"comment_status":"closed","ping_status":"closed","sticky":false,"template":"","format":"standard","meta":{"footnotes":""},"categories":[17,46,38],"tags":[203,187,185,186],"class_list":["post-489","post","type-post","status-publish","format-standard","hentry","category-design","category-monument","category-objet","tag-fauteuil","tag-lamastre","tag-mobilier","tag-provencal"],"_links":{"self":[{"href":"http:\/\/jlggb.net\/blog\/index.php?rest_route=\/wp\/v2\/posts\/489","targetHints":{"allow":["GET"]}}],"collection":[{"href":"http:\/\/jlggb.net\/blog\/index.php?rest_route=\/wp\/v2\/posts"}],"about":[{"href":"http:\/\/jlggb.net\/blog\/index.php?rest_route=\/wp\/v2\/types\/post"}],"author":[{"embeddable":true,"href":"http:\/\/jlggb.net\/blog\/index.php?rest_route=\/wp\/v2\/users\/2"}],"replies":[{"embeddable":true,"href":"http:\/\/jlggb.net\/blog\/index.php?rest_route=%2Fwp%2Fv2%2Fcomments&post=489"}],"version-history":[{"count":0,"href":"http:\/\/jlggb.net\/blog\/index.php?rest_route=\/wp\/v2\/posts\/489\/revisions"}],"wp:attachment":[{"href":"http:\/\/jlggb.net\/blog\/index.php?rest_route=%2Fwp%2Fv2%2Fmedia&parent=489"}],"wp:term":[{"taxonomy":"category","embeddable":true,"href":"http:\/\/jlggb.net\/blog\/index.php?rest_route=%2Fwp%2Fv2%2Fcategories&post=489"},{"taxonomy":"post_tag","embeddable":true,"href":"http:\/\/jlggb.net\/blog\/index.php?rest_route=%2Fwp%2Fv2%2Ftags&post=489"}],"curies":[{"name":"wp","href":"https:\/\/api.w.org\/{rel}","templated":true}]}}