{"id":4794,"date":"2007-08-15T23:59:53","date_gmt":"2007-08-15T22:59:53","guid":{"rendered":"http:\/\/jlggb.net\/blog\/?p=4794"},"modified":"2025-12-11T01:14:52","modified_gmt":"2025-12-10T23:14:52","slug":"15-08-2007-retour-a-monlesi","status":"publish","type":"post","link":"http:\/\/jlggb.net\/blog\/?p=4794","title":{"rendered":"15.08.2007 : Retour \u00e0 Monl\u00e9si"},"content":{"rendered":"<p><a href=\"http:\/\/jlggb.net\/blog\/?page_id=3309\" target=\"_self\" rel=\"noopener\"><img loading=\"lazy\" decoding=\"async\" class=\"alignnone size-full wp-image-3302\" title=\"blog-blog\" src=\"http:\/\/jlggb.net\/blog\/wp-content\/uploads\/2003\/11\/blog-blog.jpg\" alt=\"blog-blog\" width=\"500\" height=\"60\" srcset=\"http:\/\/jlggb.net\/blog\/wp-content\/uploads\/2003\/11\/blog-blog.jpg 500w, http:\/\/jlggb.net\/blog\/wp-content\/uploads\/2003\/11\/blog-blog-200x24.jpg 200w\" sizes=\"auto, (max-width: 500px) 100vw, 500px\" \/><\/a><\/p>\n<p>C&rsquo;\u00e9tait un lieu important dans la liste de l&rsquo;itin\u00e9raire Rousseau et il fut une destination d\u00e8s 1992. En 1993, le millepertuis y \u00e9tait film\u00e9 et collect\u00e9 pour <em>Flora petrinsularis<\/em>. Plus tard, en 1996 probablement, c&rsquo;\u00e9tait de premiers essais de panoramiques pour <em>Moments de Jean-Jacques Rousseau<\/em>, sous un arbre au bord de la route, d\u00e9j\u00e0 rep\u00e9r\u00e9 pr\u00e9c\u00e9demment comme site pour la lecture en pleine campagne.<\/p>\n<p>Monl\u00e9si (Mon Loisir) est une maison construite en 1755 par Abram de Pury, lieutenant colonel du Val-de-Travers, que visitait Jean-Jacques Rousseau durant son s\u00e9jour \u00e0 Motiers, de 1762 \u00e0 1765, cit\u00e9e \u00e0 plusieurs reprises dans <em>Les Confessions<\/em>.<\/p>\n<p>Le 15 ao\u00fbt 2007, partant de Couvet, l&rsquo;itin\u00e9raire de la promenade d&rsquo;une journ\u00e9e conduisait, dans la vall\u00e9e, \u00e0 M\u00f4tiers, puis \u00e0 Boveresse, montait \u00e0 Monl\u00e9si (1085 m) puis redescendait \u00e0 Couvet (voir les deux billets pr\u00e9c\u00e9dents).<\/p>\n<p><a href=\"http:\/\/jlggb.net\/blog\/wp-content\/uploads\/2009\/08\/monl\u00e9si-1.jpg\" data-rel=\"lightbox-image-0\" data-imagelightbox=\"0\" data-rl_title=\"\" data-rl_caption=\"\"><img loading=\"lazy\" decoding=\"async\" class=\"alignnone size-full wp-image-4795\" title=\"\" src=\"http:\/\/jlggb.net\/blog\/wp-content\/uploads\/2009\/08\/monl\u00e9si-1.jpg\" alt=\"monl\u00e9si-1\" width=\"640\" height=\"480\" srcset=\"http:\/\/jlggb.net\/blog\/wp-content\/uploads\/2009\/08\/monl\u00e9si-1.jpg 1280w, http:\/\/jlggb.net\/blog\/wp-content\/uploads\/2009\/08\/monl\u00e9si-1-200x150.jpg 200w, http:\/\/jlggb.net\/blog\/wp-content\/uploads\/2009\/08\/monl\u00e9si-1-500x375.jpg 500w, http:\/\/jlggb.net\/blog\/wp-content\/uploads\/2009\/08\/monl\u00e9si-1-1024x768.jpg 1024w\" sizes=\"auto, (max-width: 640px) 100vw, 640px\" \/><\/a><\/p>\n<p>Monl\u00e9si, la maison, 15 ao\u00fbt 2007, vers 17h.<\/p>\n<p><a href=\"http:\/\/jlggb.net\/blog\/wp-content\/uploads\/2009\/08\/monl\u00e9si-2.jpg\" data-rel=\"lightbox-image-1\" data-imagelightbox=\"1\" data-rl_title=\"\" data-rl_caption=\"\"><img loading=\"lazy\" decoding=\"async\" class=\"alignnone size-full wp-image-4796\" title=\"\" src=\"http:\/\/jlggb.net\/blog\/wp-content\/uploads\/2009\/08\/monl\u00e9si-2.jpg\" alt=\"monl\u00e9si-2\" width=\"640\" height=\"480\" srcset=\"http:\/\/jlggb.net\/blog\/wp-content\/uploads\/2009\/08\/monl\u00e9si-2.jpg 1280w, http:\/\/jlggb.net\/blog\/wp-content\/uploads\/2009\/08\/monl\u00e9si-2-200x150.jpg 200w, http:\/\/jlggb.net\/blog\/wp-content\/uploads\/2009\/08\/monl\u00e9si-2-500x375.jpg 500w, http:\/\/jlggb.net\/blog\/wp-content\/uploads\/2009\/08\/monl\u00e9si-2-1024x768.jpg 1024w\" sizes=\"auto, (max-width: 640px) 100vw, 640px\" \/><\/a><\/p>\n<p>\u00ab L&rsquo;arbre de Monl\u00e9si \u00bb, 15 ao\u00fbt 2007, de 17h \u00e0 18h. La route s&rsquo;\u00e9largit pour que les voitures \u2014 ou les tracteurs \u2014 puissent se croiser.<br \/>\nVoir le retour du 23 juillet 2023&nbsp;:<a href=\"http:\/\/jlggb.net\/blog8\/2023\/07\/23\/retour-a-monlesi\/\"> http:\/\/jlggb.net\/blog8\/2023\/07\/23\/retour-a-monlesi\/<\/a><\/p>\n<p><a href=\"http:\/\/jlggb.net\/blog\/wp-content\/uploads\/2009\/08\/monl\u00e9si-3.jpg\" data-rel=\"lightbox-image-2\" data-imagelightbox=\"2\" data-rl_title=\"\" data-rl_caption=\"\"><img loading=\"lazy\" decoding=\"async\" class=\"alignnone size-full wp-image-4797\" title=\"\" src=\"http:\/\/jlggb.net\/blog\/wp-content\/uploads\/2009\/08\/monl\u00e9si-3.jpg\" alt=\"monl\u00e9si-3\" width=\"640\" height=\"480\" srcset=\"http:\/\/jlggb.net\/blog\/wp-content\/uploads\/2009\/08\/monl\u00e9si-3.jpg 1024w, http:\/\/jlggb.net\/blog\/wp-content\/uploads\/2009\/08\/monl\u00e9si-3-200x150.jpg 200w, http:\/\/jlggb.net\/blog\/wp-content\/uploads\/2009\/08\/monl\u00e9si-3-500x375.jpg 500w\" sizes=\"auto, (max-width: 640px) 100vw, 640px\" \/><\/a><\/p>\n<p>Le Val-de-Travers, canton de Neuch\u00e2tel, Suisse. De droite \u00e0 gauche, les villages de Couvet, M\u00f4tiers (rep\u00e8re rouge), Fleurier.<\/p>\n<p><a href=\"http:\/\/jlggb.net\/blog\/wp-content\/uploads\/2009\/08\/monl\u00e9si-4.jpg\" data-rel=\"lightbox-image-3\" data-imagelightbox=\"3\" data-rl_title=\"\" data-rl_caption=\"\"><img loading=\"lazy\" decoding=\"async\" class=\"alignnone size-full wp-image-4798\" title=\"\" src=\"http:\/\/jlggb.net\/blog\/wp-content\/uploads\/2009\/08\/monl\u00e9si-4.jpg\" alt=\"monl\u00e9si-4\" width=\"640\" height=\"480\" srcset=\"http:\/\/jlggb.net\/blog\/wp-content\/uploads\/2009\/08\/monl\u00e9si-4.jpg 1024w, http:\/\/jlggb.net\/blog\/wp-content\/uploads\/2009\/08\/monl\u00e9si-4-200x150.jpg 200w, http:\/\/jlggb.net\/blog\/wp-content\/uploads\/2009\/08\/monl\u00e9si-4-500x375.jpg 500w\" sizes=\"auto, (max-width: 640px) 100vw, 640px\" \/><\/a><\/p>\n<p>D\u00e9tail de la photo pr\u00e9c\u00e9dente o\u00f9 l&rsquo;on voit la route et l&rsquo;arbre (on les distingue aussi, ce qui est \u00e9tonnant, sur la vue d&rsquo;ensemble) et la maison.<\/p>\n","protected":false},"excerpt":{"rendered":"<p>C&rsquo;\u00e9tait un lieu important dans la liste de l&rsquo;itin\u00e9raire Rousseau et il fut une destination d\u00e8s 1992. En 1993, le millepertuis y \u00e9tait film\u00e9 et collect\u00e9 pour Flora petrinsularis. Plus tard, en 1996 probablement, c&rsquo;\u00e9tait de premiers essais de panoramiques pour Moments de Jean-Jacques Rousseau, sous un arbre au bord de la route, d\u00e9j\u00e0 rep\u00e9r\u00e9 &hellip; <a href=\"http:\/\/jlggb.net\/blog\/?p=4794\" class=\"more-link\">Continuer la lecture de <span class=\"screen-reader-text\">15.08.2007 : Retour \u00e0 Monl\u00e9si<\/span><\/a><\/p>\n","protected":false},"author":2,"featured_media":0,"comment_status":"closed","ping_status":"closed","sticky":false,"template":"","format":"standard","meta":{"footnotes":""},"categories":[170,46,102,101],"tags":[344,624,507],"class_list":["post-4794","post","type-post","status-publish","format-standard","hentry","category-blog-davant-le-blog","category-monument","category-paysage","category-rendez-vous","tag-jean-jacques-rousseau","tag-monlesi","tag-val-de-travers"],"_links":{"self":[{"href":"http:\/\/jlggb.net\/blog\/index.php?rest_route=\/wp\/v2\/posts\/4794","targetHints":{"allow":["GET"]}}],"collection":[{"href":"http:\/\/jlggb.net\/blog\/index.php?rest_route=\/wp\/v2\/posts"}],"about":[{"href":"http:\/\/jlggb.net\/blog\/index.php?rest_route=\/wp\/v2\/types\/post"}],"author":[{"embeddable":true,"href":"http:\/\/jlggb.net\/blog\/index.php?rest_route=\/wp\/v2\/users\/2"}],"replies":[{"embeddable":true,"href":"http:\/\/jlggb.net\/blog\/index.php?rest_route=%2Fwp%2Fv2%2Fcomments&post=4794"}],"version-history":[{"count":1,"href":"http:\/\/jlggb.net\/blog\/index.php?rest_route=\/wp\/v2\/posts\/4794\/revisions"}],"predecessor-version":[{"id":7960,"href":"http:\/\/jlggb.net\/blog\/index.php?rest_route=\/wp\/v2\/posts\/4794\/revisions\/7960"}],"wp:attachment":[{"href":"http:\/\/jlggb.net\/blog\/index.php?rest_route=%2Fwp%2Fv2%2Fmedia&parent=4794"}],"wp:term":[{"taxonomy":"category","embeddable":true,"href":"http:\/\/jlggb.net\/blog\/index.php?rest_route=%2Fwp%2Fv2%2Fcategories&post=4794"},{"taxonomy":"post_tag","embeddable":true,"href":"http:\/\/jlggb.net\/blog\/index.php?rest_route=%2Fwp%2Fv2%2Ftags&post=4794"}],"curies":[{"name":"wp","href":"https:\/\/api.w.org\/{rel}","templated":true}]}}