{"id":4787,"date":"2002-10-30T23:59:41","date_gmt":"2002-10-30T22:59:41","guid":{"rendered":"http:\/\/jlggb.net\/blog\/?p=4787"},"modified":"2009-08-23T01:56:36","modified_gmt":"2009-08-23T00:56:36","slug":"la-nuit-tombe-sur-la-mer-interieure","status":"publish","type":"post","link":"http:\/\/jlggb.net\/blog\/?p=4787","title":{"rendered":"31.10.2002 : La nuit tombe sur la Mer int\u00e9rieure"},"content":{"rendered":"<p><a href=\"http:\/\/jlggb.net\/blog\/?page_id=3309\" target=\"_self\"><img loading=\"lazy\" decoding=\"async\" class=\"alignnone size-full wp-image-3302\" title=\"blog-blog\" src=\"http:\/\/jlggb.net\/blog\/wp-content\/uploads\/2003\/11\/blog-blog.jpg\" alt=\"blog-blog\" width=\"500\" height=\"60\" srcset=\"http:\/\/jlggb.net\/blog\/wp-content\/uploads\/2003\/11\/blog-blog.jpg 500w, http:\/\/jlggb.net\/blog\/wp-content\/uploads\/2003\/11\/blog-blog-200x24.jpg 200w\" sizes=\"auto, (max-width: 500px) 100vw, 500px\" \/><\/a><\/p>\n<p><a href=\"http:\/\/jlggb.net\/blog\/wp-content\/uploads\/2009\/08\/naoshima-mer-31.10.2002.jpg\" data-rel=\"lightbox-image-0\" data-imagelightbox=\"0\" data-rl_title=\"\" data-rl_caption=\"\"><img loading=\"lazy\" decoding=\"async\" class=\"alignnone size-full wp-image-4789\" title=\"\" src=\"http:\/\/jlggb.net\/blog\/wp-content\/uploads\/2009\/08\/naoshima-mer-31.10.2002.jpg\" alt=\"naoshima mer 31.10.2002\" width=\"640\" height=\"480\" srcset=\"http:\/\/jlggb.net\/blog\/wp-content\/uploads\/2009\/08\/naoshima-mer-31.10.2002.jpg 1280w, http:\/\/jlggb.net\/blog\/wp-content\/uploads\/2009\/08\/naoshima-mer-31.10.2002-200x150.jpg 200w, http:\/\/jlggb.net\/blog\/wp-content\/uploads\/2009\/08\/naoshima-mer-31.10.2002-500x375.jpg 500w, http:\/\/jlggb.net\/blog\/wp-content\/uploads\/2009\/08\/naoshima-mer-31.10.2002-1024x768.jpg 1024w\" sizes=\"auto, (max-width: 640px) 100vw, 640px\" \/><\/a><br \/>\nH\u00f4tel-Mus\u00e9e Benesse House \u00e0 Naoshima (Tadao Ando, architecte), 30 octobre 2002, vers 17h30. Vue depuis la chambre, la Mer int\u00e9rieure du Japon. La cam\u00e9ra que l&rsquo;on entrevoit filme la nuit qui tombe. Le film sera peut-\u00eatre mis ici bient\u00f4t.<\/p>\n<p style=\"text-align: center;\"><a href=\"http:\/\/www.naoshima-is.co.jp\/?index\" target=\"_blank\"><img loading=\"lazy\" decoding=\"async\" class=\"size-full wp-image-4790 aligncenter\" title=\"naoshima-ile\" src=\"http:\/\/jlggb.net\/blog\/wp-content\/uploads\/2009\/08\/naoshima-ile.jpg\" alt=\"naoshima-ile\" width=\"500\" height=\"398\" \/><\/a><\/p>\n","protected":false},"excerpt":{"rendered":"<p>H\u00f4tel-Mus\u00e9e Benesse House \u00e0 Naoshima (Tadao Ando, architecte), 30 octobre 2002, vers 17h30. Vue depuis la chambre, la Mer int\u00e9rieure du Japon. La cam\u00e9ra que l&rsquo;on entrevoit filme la nuit qui tombe. Le film sera peut-\u00eatre mis ici bient\u00f4t.<\/p>\n","protected":false},"author":2,"featured_media":0,"comment_status":"closed","ping_status":"closed","sticky":false,"template":"","format":"standard","meta":{"footnotes":""},"categories":[18,9,170,102],"tags":[623],"class_list":["post-4787","post","type-post","status-publish","format-standard","hentry","category-architecture","category-exposition","category-blog-davant-le-blog","category-paysage","tag-naoshima"],"_links":{"self":[{"href":"http:\/\/jlggb.net\/blog\/index.php?rest_route=\/wp\/v2\/posts\/4787","targetHints":{"allow":["GET"]}}],"collection":[{"href":"http:\/\/jlggb.net\/blog\/index.php?rest_route=\/wp\/v2\/posts"}],"about":[{"href":"http:\/\/jlggb.net\/blog\/index.php?rest_route=\/wp\/v2\/types\/post"}],"author":[{"embeddable":true,"href":"http:\/\/jlggb.net\/blog\/index.php?rest_route=\/wp\/v2\/users\/2"}],"replies":[{"embeddable":true,"href":"http:\/\/jlggb.net\/blog\/index.php?rest_route=%2Fwp%2Fv2%2Fcomments&post=4787"}],"version-history":[{"count":0,"href":"http:\/\/jlggb.net\/blog\/index.php?rest_route=\/wp\/v2\/posts\/4787\/revisions"}],"wp:attachment":[{"href":"http:\/\/jlggb.net\/blog\/index.php?rest_route=%2Fwp%2Fv2%2Fmedia&parent=4787"}],"wp:term":[{"taxonomy":"category","embeddable":true,"href":"http:\/\/jlggb.net\/blog\/index.php?rest_route=%2Fwp%2Fv2%2Fcategories&post=4787"},{"taxonomy":"post_tag","embeddable":true,"href":"http:\/\/jlggb.net\/blog\/index.php?rest_route=%2Fwp%2Fv2%2Ftags&post=4787"}],"curies":[{"name":"wp","href":"https:\/\/api.w.org\/{rel}","templated":true}]}}