{"id":4752,"date":"2005-12-19T00:59:15","date_gmt":"2005-12-18T22:59:15","guid":{"rendered":"http:\/\/jlggb.net\/blog\/?p=4752"},"modified":"2014-11-01T22:51:38","modified_gmt":"2014-11-01T20:51:38","slug":"18-12-2005-blog-davant-le-blog-le-monde-en-relief18","status":"publish","type":"post","link":"http:\/\/jlggb.net\/blog\/?p=4752","title":{"rendered":"18.12.2005 : Le monde en relief"},"content":{"rendered":"<p><a href=\"http:\/\/jlggb.net\/blog\/?page_id=3309\" target=\"_self\"><img loading=\"lazy\" decoding=\"async\" class=\"alignnone size-full wp-image-3302\" title=\"blog-blog\" src=\"http:\/\/jlggb.net\/blog\/wp-content\/uploads\/2003\/11\/blog-blog.jpg\" alt=\"blog-blog\" width=\"500\" height=\"60\" srcset=\"http:\/\/jlggb.net\/blog\/wp-content\/uploads\/2003\/11\/blog-blog.jpg 500w, http:\/\/jlggb.net\/blog\/wp-content\/uploads\/2003\/11\/blog-blog-200x24.jpg 200w\" sizes=\"auto, (max-width: 500px) 100vw, 500px\" \/><\/a><br \/>\n<a href=\"http:\/\/jlggb.net\/blog\/wp-content\/uploads\/2009\/08\/jungfrau-2005.jpg\" data-rel=\"lightbox-image-0\" data-imagelightbox=\"0\" data-rl_title=\"\" data-rl_caption=\"\"><img loading=\"lazy\" decoding=\"async\" class=\"alignnone size-full wp-image-4769\" title=\"\" src=\"http:\/\/jlggb.net\/blog\/wp-content\/uploads\/2009\/08\/jungfrau-2005.jpg\" alt=\"jungfrau-2005\" width=\"640\" height=\"487\" \/><\/a><br \/>\n18 d\u00e9cembre 2005, 12h30, dans l&rsquo;Oberland bernois, depuis le train montant vers la Kleine Scheidegg qui conduit vers Wengen. La Jungfrau appara\u00eet dans un halo iris\u00e9. Cette photographie, jug\u00e9e magique, a \u00e9t\u00e9 utilis\u00e9e comme carte de v\u0153ux pour 2006.<\/p>\n<p><a href=\"http:\/\/jlggb.net\/blog\/wp-content\/uploads\/2009\/08\/grindelwald.jpg\" data-rel=\"lightbox-image-1\" data-imagelightbox=\"1\" data-rl_title=\"\" data-rl_caption=\"\"><img loading=\"lazy\" decoding=\"async\" class=\"alignnone size-full wp-image-4767\" title=\"\" src=\"http:\/\/jlggb.net\/blog\/wp-content\/uploads\/2009\/08\/grindelwald.jpg\" alt=\"grindelwald\" width=\"640\" height=\"478\" \/><\/a><br \/>\nVue depuis le col de la Kleine Scheidegg, 2061 m, 18 d\u00e9cembre 2005, 14h. Il fallait \u00e7a pour retrouver la lumi\u00e8re, Grindelwald reste toujours dans l&rsquo;ombre en cette saison.<\/p>\n<p><a href=\"http:\/\/jlggb.net\/blog\/wp-content\/uploads\/2009\/08\/reliorama-objet.jpg\" data-rel=\"lightbox-image-2\" data-imagelightbox=\"2\" data-rl_title=\"\" data-rl_caption=\"\"><img loading=\"lazy\" decoding=\"async\" class=\"alignnone size-full wp-image-4766\" title=\"\" src=\"http:\/\/jlggb.net\/blog\/wp-content\/uploads\/2009\/08\/reliorama-objet.jpg\" alt=\"reliorama-objet\" width=\"640\" height=\"478\" \/><\/a><br \/>\nC&rsquo;est \u00e0 partir de cette maquette que l&rsquo;id\u00e9e du petit voyage ci-dessus s&rsquo;est form\u00e9e. <em>Eiger, Monch, Jungfrau<\/em>, maquette de terrain selon les courbes de niveau en mati\u00e8re plastique m\u00e9tallis\u00e9e, \u00e9chelle&nbsp;: 1&nbsp;: 75 000, 11 x 16 cm, Reliorama, fabrication suisse, avant 1990. Cet objet a \u00e9t\u00e9 pr\u00e9sent\u00e9 \u00e0 la Cit\u00e9 des sciences et de l&rsquo;industrie \u00e0 Paris dans l&rsquo;exposition \u00ab Images calcul\u00e9es \u00bb de 1990 \u00e0 2000.<\/p>\n<p style=\"text-align: center;\"><a href=\"http:\/\/jlggb.net\/blog\/wp-content\/uploads\/2009\/08\/montandon.jpg\" data-rel=\"lightbox-image-3\" data-imagelightbox=\"3\" data-rl_title=\"\" data-rl_caption=\"\"><img loading=\"lazy\" decoding=\"async\" class=\"alignnone size-full wp-image-4761\" title=\"\" src=\"http:\/\/jlggb.net\/blog\/wp-content\/uploads\/2009\/08\/montandon.jpg\" alt=\"montandon\" width=\"240\" height=\"162\" srcset=\"http:\/\/jlggb.net\/blog\/wp-content\/uploads\/2009\/08\/montandon.jpg 480w, http:\/\/jlggb.net\/blog\/wp-content\/uploads\/2009\/08\/montandon-200x135.jpg 200w\" sizes=\"auto, (max-width: 240px) 100vw, 240px\" \/><\/a><br \/>\nPaul Montandon (1858-1948), photographie, <em>Eiger, M\u00f6nch und Jungfrau vom Niederhorn ob Beatenberg<\/em>.<br \/>\nLe <a href=\"http:\/\/www.alpinesmuseum.ch\/\" target=\"_blank\">Mus\u00e9e Alpin Suisse<\/a>, Berne, poss\u00e8de la plus grande collection de reliefs de montagnes du monde (<a href=\"http:\/\/www.alpinesmuseum.ch\/index.php?article_id=83&amp;clang=1\" target=\"_blank\">exposition sur les nouvelles techniques<\/a>). [dr]<\/p>\n<p style=\"text-align: center;\"><a href=\"http:\/\/jlggb.net\/blog\/wp-content\/uploads\/2009\/08\/jungfrau-imfeld.jpg\" data-rel=\"lightbox-image-4\" data-imagelightbox=\"4\" data-rl_title=\"\" data-rl_caption=\"\"><img loading=\"lazy\" decoding=\"async\" class=\"alignnone size-full wp-image-4764\" title=\"\" src=\"http:\/\/jlggb.net\/blog\/wp-content\/uploads\/2009\/08\/jungfrau-imfeld.jpg\" alt=\"jungfrau-imfeld\" width=\"240\" height=\"180\" srcset=\"http:\/\/jlggb.net\/blog\/wp-content\/uploads\/2009\/08\/jungfrau-imfeld.jpg 480w, http:\/\/jlggb.net\/blog\/wp-content\/uploads\/2009\/08\/jungfrau-imfeld-200x150.jpg 200w\" sizes=\"auto, (max-width: 240px) 100vw, 240px\" \/><\/a><em><br \/>\nGroupe de la Jungfrau<\/em>, carte relief par <a href=\"http:\/\/www.terrainmodels.com\/imfeld.html#_ftn1\">Xaver Imfeld <\/a>(1853 \u2013 1909)<br \/>\n\u00e0 l&rsquo;exposition universelle de Paris en 1900, \u00e9chelle 1&nbsp;: 2 500, 550 x 450 cm (photo Wehrli, 1900).<br \/>\nExpos\u00e9e par la suite au Mus\u00e9e Alpin de Munich, elle fut d\u00e9truite par les bombardements alli\u00e9s \u00e0 la fin de la Deuxi\u00e8me Guerre mondiale. [dr]<\/p>\n<p style=\"text-align: center;\"><a href=\"http:\/\/www.terrainmodels.com\/paperweights.html\" target=\"_blank\"><img loading=\"lazy\" decoding=\"async\" class=\"alignnone size-full wp-image-4765\" title=\"paperweight\" src=\"http:\/\/jlggb.net\/blog\/wp-content\/uploads\/2009\/08\/paperweight.jpg\" alt=\"paperweight\" width=\"240\" height=\"180\" srcset=\"http:\/\/jlggb.net\/blog\/wp-content\/uploads\/2009\/08\/paperweight.jpg 480w, http:\/\/jlggb.net\/blog\/wp-content\/uploads\/2009\/08\/paperweight-200x150.jpg 200w\" sizes=\"auto, (max-width: 240px) 100vw, 240px\" \/><br \/>\nPresse-papier Eiger, M\u00f6nch et Jungfrau<\/a>, 1:100,000, 8,5 x 16 cm, par Xaver Imfeld,<br \/>\ncollections de l&rsquo;Institut de Cartographie, ETH Zurich. [dr]<\/p>\n","protected":false},"excerpt":{"rendered":"<p>18 d\u00e9cembre 2005, 12h30, dans l&rsquo;Oberland bernois, depuis le train montant vers la Kleine Scheidegg qui conduit vers Wengen. La Jungfrau appara\u00eet dans un halo iris\u00e9. Cette photographie, jug\u00e9e magique, a \u00e9t\u00e9 utilis\u00e9e comme carte de v\u0153ux pour 2006. Vue depuis le col de la Kleine Scheidegg, 2061 m, 18 d\u00e9cembre 2005, 14h. Il fallait &hellip; <a href=\"http:\/\/jlggb.net\/blog\/?p=4752\" class=\"more-link\">Continuer la lecture de <span class=\"screen-reader-text\">18.12.2005 : Le monde en relief<\/span><\/a><\/p>\n","protected":false},"author":2,"featured_media":0,"comment_status":"closed","ping_status":"closed","sticky":false,"template":"","format":"standard","meta":{"footnotes":""},"categories":[51,170,102,26],"tags":[621,323,620,622,508],"class_list":["post-4752","post","type-post","status-publish","format-standard","hentry","category-couleur","category-blog-davant-le-blog","category-paysage","category-transport","tag-eiger","tag-jungfrau","tag-kleine-scheidegg","tag-monch","tag-suisse"],"_links":{"self":[{"href":"http:\/\/jlggb.net\/blog\/index.php?rest_route=\/wp\/v2\/posts\/4752","targetHints":{"allow":["GET"]}}],"collection":[{"href":"http:\/\/jlggb.net\/blog\/index.php?rest_route=\/wp\/v2\/posts"}],"about":[{"href":"http:\/\/jlggb.net\/blog\/index.php?rest_route=\/wp\/v2\/types\/post"}],"author":[{"embeddable":true,"href":"http:\/\/jlggb.net\/blog\/index.php?rest_route=\/wp\/v2\/users\/2"}],"replies":[{"embeddable":true,"href":"http:\/\/jlggb.net\/blog\/index.php?rest_route=%2Fwp%2Fv2%2Fcomments&post=4752"}],"version-history":[{"count":1,"href":"http:\/\/jlggb.net\/blog\/index.php?rest_route=\/wp\/v2\/posts\/4752\/revisions"}],"predecessor-version":[{"id":7421,"href":"http:\/\/jlggb.net\/blog\/index.php?rest_route=\/wp\/v2\/posts\/4752\/revisions\/7421"}],"wp:attachment":[{"href":"http:\/\/jlggb.net\/blog\/index.php?rest_route=%2Fwp%2Fv2%2Fmedia&parent=4752"}],"wp:term":[{"taxonomy":"category","embeddable":true,"href":"http:\/\/jlggb.net\/blog\/index.php?rest_route=%2Fwp%2Fv2%2Fcategories&post=4752"},{"taxonomy":"post_tag","embeddable":true,"href":"http:\/\/jlggb.net\/blog\/index.php?rest_route=%2Fwp%2Fv2%2Ftags&post=4752"}],"curies":[{"name":"wp","href":"https:\/\/api.w.org\/{rel}","templated":true}]}}