{"id":4567,"date":"2009-07-23T22:00:33","date_gmt":"2009-07-23T21:00:33","guid":{"rendered":"http:\/\/jlggb.net\/blog\/?p=4567"},"modified":"2025-09-18T23:31:36","modified_gmt":"2025-09-18T21:31:36","slug":"lej-da-segl","status":"publish","type":"post","link":"http:\/\/jlggb.net\/blog\/?p=4567","title":{"rendered":"Lej da Segl"},"content":{"rendered":"<p><a href=\"http:\/\/jlggb.net\/blog\/wp-content\/uploads\/2009\/08\/sils-1.jpg\" data-rel=\"lightbox-image-0\" data-imagelightbox=\"0\" data-rl_title=\"\" data-rl_caption=\"\"><img loading=\"lazy\" decoding=\"async\" class=\"alignnone size-full wp-image-4569\" title=\"\" src=\"http:\/\/jlggb.net\/blog\/wp-content\/uploads\/2009\/08\/sils-1.jpg\" alt=\"sils-1\" width=\"640\" height=\"480\" srcset=\"http:\/\/jlggb.net\/blog\/wp-content\/uploads\/2009\/08\/sils-1.jpg 1280w, http:\/\/jlggb.net\/blog\/wp-content\/uploads\/2009\/08\/sils-1-200x150.jpg 200w, http:\/\/jlggb.net\/blog\/wp-content\/uploads\/2009\/08\/sils-1-500x375.jpg 500w, http:\/\/jlggb.net\/blog\/wp-content\/uploads\/2009\/08\/sils-1-1024x768.jpg 1024w\" sizes=\"auto, (max-width: 640px) 100vw, 640px\" \/><\/a><br \/>\n<a href=\"http:\/\/jlggb.net\/blog\/wp-content\/uploads\/2009\/08\/sils-2.jpg\" data-rel=\"lightbox-image-1\" data-imagelightbox=\"1\" data-rl_title=\"\" data-rl_caption=\"\"><img loading=\"lazy\" decoding=\"async\" class=\"alignnone size-full wp-image-4570\" title=\"\" src=\"http:\/\/jlggb.net\/blog\/wp-content\/uploads\/2009\/08\/sils-2.jpg\" alt=\"sils-2\" width=\"640\" height=\"480\" srcset=\"http:\/\/jlggb.net\/blog\/wp-content\/uploads\/2009\/08\/sils-2.jpg 1280w, http:\/\/jlggb.net\/blog\/wp-content\/uploads\/2009\/08\/sils-2-200x150.jpg 200w, http:\/\/jlggb.net\/blog\/wp-content\/uploads\/2009\/08\/sils-2-500x375.jpg 500w, http:\/\/jlggb.net\/blog\/wp-content\/uploads\/2009\/08\/sils-2-1024x768.jpg 1024w\" sizes=\"auto, (max-width: 640px) 100vw, 640px\" \/><\/a><br \/>\n<a href=\"http:\/\/jlggb.net\/blog\/wp-content\/uploads\/2009\/08\/sils-3.jpg\" data-rel=\"lightbox-image-2\" data-imagelightbox=\"2\" data-rl_title=\"\" data-rl_caption=\"\"><img loading=\"lazy\" decoding=\"async\" class=\"alignnone size-full wp-image-4571\" title=\"\" src=\"http:\/\/jlggb.net\/blog\/wp-content\/uploads\/2009\/08\/sils-3.jpg\" alt=\"sils-3\" width=\"640\" height=\"480\" srcset=\"http:\/\/jlggb.net\/blog\/wp-content\/uploads\/2009\/08\/sils-3.jpg 1280w, http:\/\/jlggb.net\/blog\/wp-content\/uploads\/2009\/08\/sils-3-200x150.jpg 200w, http:\/\/jlggb.net\/blog\/wp-content\/uploads\/2009\/08\/sils-3-500x375.jpg 500w, http:\/\/jlggb.net\/blog\/wp-content\/uploads\/2009\/08\/sils-3-1024x768.jpg 1024w\" sizes=\"auto, (max-width: 640px) 100vw, 640px\" \/><\/a><\/p>\n<p>Jeudi 23 juillet 2009, 15h. Trois photographies \u00e0 partir du m\u00eame point. Vent tr\u00e8s fort qui vient du sud sur le lac de Sils, Engadine, Grisons, Suisse (on le voit d&rsquo;ordinaire repr\u00e9sent\u00e9 comme un miroir). Impression tr\u00e8s particuli\u00e8re d&rsquo;une surface horizontale tr\u00e8s plane suspendue tr\u00e8s haut (1800 m\u00e8tres).<\/p>\n<p><a href=\"http:\/\/jlggb.net\/blog\/wp-content\/uploads\/2009\/08\/sils-silvaplana.jpg\" data-rel=\"lightbox-image-3\" data-imagelightbox=\"3\" data-rl_title=\"\" data-rl_caption=\"\"><img loading=\"lazy\" decoding=\"async\" class=\"alignnone size-full wp-image-4568\" title=\"\" src=\"http:\/\/jlggb.net\/blog\/wp-content\/uploads\/2009\/08\/sils-silvaplana.jpg\" alt=\"sils-silvaplana\" width=\"640\" height=\"480\" \/><\/a><\/p>\n<p>La carte du relief que fournit la Suisse (<a href=\"http:\/\/www.switzerland.com\/fr\/offer-Getting_Around-Boat-21793.html\" target=\"_blank\" rel=\"noopener\">sur Google Maps<\/a>) est tr\u00e8s belle.<br \/>\nVoir le billet <a href=\"http:\/\/jlggb.net\/blog\/?p=1874\" target=\"_self\">\u00ab Voglio vedere le mie montagne \u00bb du 25 janvier 2009<\/a>.<\/p>\n","protected":false},"excerpt":{"rendered":"<p>Jeudi 23 juillet 2009, 15h. Trois photographies \u00e0 partir du m\u00eame point. Vent tr\u00e8s fort qui vient du sud sur le lac de Sils, Engadine, Grisons, Suisse (on le voit d&rsquo;ordinaire repr\u00e9sent\u00e9 comme un miroir). Impression tr\u00e8s particuli\u00e8re d&rsquo;une surface horizontale tr\u00e8s plane suspendue tr\u00e8s haut (1800 m\u00e8tres). La carte du relief que fournit la &hellip; <a href=\"http:\/\/jlggb.net\/blog\/?p=4567\" class=\"more-link\">Continuer la lecture de <span class=\"screen-reader-text\">Lej da Segl<\/span><\/a><\/p>\n","protected":false},"author":2,"featured_media":0,"comment_status":"closed","ping_status":"closed","sticky":false,"template":"","format":"standard","meta":{"footnotes":""},"categories":[46,102,13],"tags":[596,598,601,600,602],"class_list":["post-4567","post","type-post","status-publish","format-standard","hentry","category-monument","category-paysage","category-visite","tag-engadine","tag-grisons","tag-lac","tag-sils-maria","tag-vent"],"_links":{"self":[{"href":"http:\/\/jlggb.net\/blog\/index.php?rest_route=\/wp\/v2\/posts\/4567","targetHints":{"allow":["GET"]}}],"collection":[{"href":"http:\/\/jlggb.net\/blog\/index.php?rest_route=\/wp\/v2\/posts"}],"about":[{"href":"http:\/\/jlggb.net\/blog\/index.php?rest_route=\/wp\/v2\/types\/post"}],"author":[{"embeddable":true,"href":"http:\/\/jlggb.net\/blog\/index.php?rest_route=\/wp\/v2\/users\/2"}],"replies":[{"embeddable":true,"href":"http:\/\/jlggb.net\/blog\/index.php?rest_route=%2Fwp%2Fv2%2Fcomments&post=4567"}],"version-history":[{"count":2,"href":"http:\/\/jlggb.net\/blog\/index.php?rest_route=\/wp\/v2\/posts\/4567\/revisions"}],"predecessor-version":[{"id":8086,"href":"http:\/\/jlggb.net\/blog\/index.php?rest_route=\/wp\/v2\/posts\/4567\/revisions\/8086"}],"wp:attachment":[{"href":"http:\/\/jlggb.net\/blog\/index.php?rest_route=%2Fwp%2Fv2%2Fmedia&parent=4567"}],"wp:term":[{"taxonomy":"category","embeddable":true,"href":"http:\/\/jlggb.net\/blog\/index.php?rest_route=%2Fwp%2Fv2%2Fcategories&post=4567"},{"taxonomy":"post_tag","embeddable":true,"href":"http:\/\/jlggb.net\/blog\/index.php?rest_route=%2Fwp%2Fv2%2Ftags&post=4567"}],"curies":[{"name":"wp","href":"https:\/\/api.w.org\/{rel}","templated":true}]}}