{"id":4485,"date":"2009-07-23T23:00:40","date_gmt":"2009-07-23T22:00:40","guid":{"rendered":"http:\/\/jlggb.net\/blog\/?p=4485"},"modified":"2025-09-18T23:29:48","modified_gmt":"2025-09-18T21:29:48","slug":"philosophie-touristique","status":"publish","type":"post","link":"http:\/\/jlggb.net\/blog\/?p=4485","title":{"rendered":"Philosophie touristique"},"content":{"rendered":"<p><a href=\"http:\/\/jlggb.net\/blog\/wp-content\/uploads\/2009\/07\/sils-soir.jpg\" data-rel=\"lightbox-image-0\" data-imagelightbox=\"0\" data-rl_title=\"\" data-rl_caption=\"\"><img loading=\"lazy\" decoding=\"async\" class=\"alignnone size-full wp-image-4486\" title=\"\" src=\"http:\/\/jlggb.net\/blog\/wp-content\/uploads\/2009\/07\/sils-soir.jpg\" alt=\"sils-soir\" width=\"640\" height=\"480\" \/><\/a><br \/>\njeudi 23 juillet 2009, 20h40, Sils, Engadine. Pour \u00e9viter de parler sans savoir d&rsquo;un \u00ab \u00e9ternel retour \u00bb, de l&rsquo;endroit o\u00f9 Nietzsche dit que l&rsquo;id\u00e9e lui est venue&nbsp;; pour sacrifier malgr\u00e9 tout \u00e0 la philosophie touristique, renvoi \u00e0 deux dates ant\u00e9rieures&nbsp;: <span class=\"date updated\">10 mai 2009 <\/span><a href=\"http:\/\/jlggb.net\/blog\/?p=2801\" target=\"_self\">\u00ab\u00a0Skyline et polaro\u00efd\u00a0\u00bb<\/a> et <span class=\"date updated\">30 mai 2009<\/span> <a href=\"http:\/\/jlggb.net\/blog\/?p=3528\" target=\"_self\">\u00ab\u00a0La nouveaut\u00e9 (ou le billet facile)\u00a0\u00bb<\/a>. Permanence de la ligne d&rsquo;horizon ET (non dialectique) variation permanente du nuage\u00a0: la diff\u00e9rence est dans l&rsquo;\u00e9chelle de temps, ce qui semble immuable se transforme irr\u00e9m\u00e9diablement lentement, ce qui est toujours diff\u00e9rent reste fondamentalement le m\u00eame.<\/p>\n<p>JUIN\u00a0\u2014\u00a0JUILLET 1885<br \/>\nJe crois \u00e0 l&rsquo;espace absolu en tant que substrat de la force\u00a0: celle-ci d\u00e9limite et mod\u00e8le. Le temps, \u00e9ternel. N\u00e9anmoins, il n&rsquo;existe ni espace, ni temps en soi\u00a0: les \u00ab\u00a0changements\u00a0\u00bb ne sont que des apparences (ou, de notre point de vue, des actes de sensation)&nbsp;; lorsque nous trouvons de la fixit\u00e9 dans ces r\u00e9p\u00e9titions, rien n&rsquo;est prouv\u00e9 par-l\u00e0 que cette v\u00e9rit\u00e9, qu&rsquo;il en est toujours ainsi.\u00a0[\u2026]<br \/>\nL&rsquo;homme est une cr\u00e9ation qui invente des formes et des rythmes\u00a0; il n&rsquo;est en rien plus adroit et semble n&rsquo;avoir <em>nul autre<\/em> plaisir que celui d&rsquo;<em>inventer des formes<\/em>. Que l&rsquo;on examine seulement de quoi notre regard s&rsquo;occupe d\u00e8s qu&rsquo;il n&rsquo;a plus \u00e0 voir\u00a0: il se cr\u00e9e quelque chose \u00e0 regarder. Dans le m\u00eame cas de figure, sans doute, notre oreille ne proc\u00e8de pas de fa\u00e7on diff\u00e9rente\u00a0: elle s&rsquo;exerce. Sans la transformation du monde en formes et en rythmes, il n&rsquo;existerait pour nous aucun \u00ab\u00a0M\u00eame\u00a0\u00bb, et par cons\u00e9quent, rien qui se r\u00e9p\u00e8te, aucune possibilit\u00e9 d&rsquo;exp\u00e9rience ni d&rsquo;assimilation, d&rsquo;<em>alimentation<\/em>. [\u2026]<br \/>\nFriedrich Nietzsche. <em>Fragments posthumes sur l&rsquo;\u00e9ternel retour<\/em>, Allia, Paris, 2003. \u00c9dition \u00e9tablie et traduite par Lionel Duvoy. pp.\u00a069-70.<\/p>\n<p><a href=\"http:\/\/jlggb.net\/blog\/wp-content\/uploads\/2009\/07\/nietzsche-allia.jpg\" data-rel=\"lightbox-image-1\" data-imagelightbox=\"1\" data-rl_title=\"\" data-rl_caption=\"\"><img loading=\"lazy\" decoding=\"async\" class=\"alignnone size-full wp-image-4508\" title=\"\" src=\"http:\/\/jlggb.net\/blog\/wp-content\/uploads\/2009\/07\/nietzsche-allia.jpg\" alt=\"nietzsche-allia\" width=\"120\" height=\"200\" srcset=\"http:\/\/jlggb.net\/blog\/wp-content\/uploads\/2009\/07\/nietzsche-allia.jpg 402w, http:\/\/jlggb.net\/blog\/wp-content\/uploads\/2009\/07\/nietzsche-allia-90x150.jpg 90w, http:\/\/jlggb.net\/blog\/wp-content\/uploads\/2009\/07\/nietzsche-allia-225x375.jpg 225w\" sizes=\"auto, (max-width: 120px) 100vw, 120px\" \/><\/a><\/p>\n","protected":false},"excerpt":{"rendered":"<p>jeudi 23 juillet 2009, 20h40, Sils, Engadine. Pour \u00e9viter de parler sans savoir d&rsquo;un \u00ab \u00e9ternel retour \u00bb, de l&rsquo;endroit o\u00f9 Nietzsche dit que l&rsquo;id\u00e9e lui est venue&nbsp;; pour sacrifier malgr\u00e9 tout \u00e0 la philosophie touristique, renvoi \u00e0 deux dates ant\u00e9rieures&nbsp;: 10 mai 2009 \u00ab\u00a0Skyline et polaro\u00efd\u00a0\u00bb et 30 mai 2009 \u00ab\u00a0La nouveaut\u00e9 (ou le &hellip; <a href=\"http:\/\/jlggb.net\/blog\/?p=4485\" class=\"more-link\">Continuer la lecture de <span class=\"screen-reader-text\">Philosophie touristique<\/span><\/a><\/p>\n","protected":false},"author":2,"featured_media":0,"comment_status":"closed","ping_status":"closed","sticky":false,"template":"","format":"standard","meta":{"footnotes":""},"categories":[10,46,372,102],"tags":[596,594,4,595],"class_list":["post-4485","post","type-post","status-publish","format-standard","hentry","category-livre-2","category-monument","category-observation","category-paysage","tag-engadine","tag-nietzsche","tag-philosophie","tag-sils"],"_links":{"self":[{"href":"http:\/\/jlggb.net\/blog\/index.php?rest_route=\/wp\/v2\/posts\/4485","targetHints":{"allow":["GET"]}}],"collection":[{"href":"http:\/\/jlggb.net\/blog\/index.php?rest_route=\/wp\/v2\/posts"}],"about":[{"href":"http:\/\/jlggb.net\/blog\/index.php?rest_route=\/wp\/v2\/types\/post"}],"author":[{"embeddable":true,"href":"http:\/\/jlggb.net\/blog\/index.php?rest_route=\/wp\/v2\/users\/2"}],"replies":[{"embeddable":true,"href":"http:\/\/jlggb.net\/blog\/index.php?rest_route=%2Fwp%2Fv2%2Fcomments&post=4485"}],"version-history":[{"count":4,"href":"http:\/\/jlggb.net\/blog\/index.php?rest_route=\/wp\/v2\/posts\/4485\/revisions"}],"predecessor-version":[{"id":8084,"href":"http:\/\/jlggb.net\/blog\/index.php?rest_route=\/wp\/v2\/posts\/4485\/revisions\/8084"}],"wp:attachment":[{"href":"http:\/\/jlggb.net\/blog\/index.php?rest_route=%2Fwp%2Fv2%2Fmedia&parent=4485"}],"wp:term":[{"taxonomy":"category","embeddable":true,"href":"http:\/\/jlggb.net\/blog\/index.php?rest_route=%2Fwp%2Fv2%2Fcategories&post=4485"},{"taxonomy":"post_tag","embeddable":true,"href":"http:\/\/jlggb.net\/blog\/index.php?rest_route=%2Fwp%2Fv2%2Ftags&post=4485"}],"curies":[{"name":"wp","href":"https:\/\/api.w.org\/{rel}","templated":true}]}}