{"id":4225,"date":"2009-07-07T23:57:50","date_gmt":"2009-07-07T22:57:50","guid":{"rendered":"http:\/\/jlggb.net\/blog\/?p=4225"},"modified":"2009-08-23T23:42:19","modified_gmt":"2009-08-23T22:42:19","slug":"desaxements","status":"publish","type":"post","link":"http:\/\/jlggb.net\/blog\/?p=4225","title":{"rendered":"D\u00e9sax\u00e9e"},"content":{"rendered":"<p><a href=\"http:\/\/jlggb.net\/blog\/wp-content\/uploads\/2009\/07\/saint-etienne-1.jpg\" data-rel=\"lightbox-image-0\" data-imagelightbox=\"0\" data-rl_title=\"\" data-rl_caption=\"\"><img loading=\"lazy\" decoding=\"async\" class=\"alignnone size-full wp-image-4226\" title=\"\" src=\"http:\/\/jlggb.net\/blog\/wp-content\/uploads\/2009\/07\/saint-etienne-1.jpg\" alt=\"saint-etienne-1\" width=\"640\" height=\"480\" srcset=\"http:\/\/jlggb.net\/blog\/wp-content\/uploads\/2009\/07\/saint-etienne-1.jpg 1280w, http:\/\/jlggb.net\/blog\/wp-content\/uploads\/2009\/07\/saint-etienne-1-200x150.jpg 200w, http:\/\/jlggb.net\/blog\/wp-content\/uploads\/2009\/07\/saint-etienne-1-500x375.jpg 500w, http:\/\/jlggb.net\/blog\/wp-content\/uploads\/2009\/07\/saint-etienne-1-1024x768.jpg 1024w\" sizes=\"auto, (max-width: 640px) 100vw, 640px\" \/><\/a><br \/>\nDimanche 5 juillet 2009, 20h20 (comme on le voit \u00e0 l&rsquo;horloge), fa\u00e7ade ouest de la cath\u00e9drale Saint-\u00c9tienne, Toulouse. On dit que l&rsquo;assemblage d\u00e9sax\u00e9 de deux \u00e9glises, l&rsquo;h\u00e9t\u00e9roclite de la construction (XIe-XVIIe, XIXe et d\u00e9but du XXe), ont int\u00e9ress\u00e9 les architectes modernes (Le Corbusier) et post-modernes (Robert Venturi).<\/p>\n<p><a href=\"http:\/\/jlggb.net\/blog\/wp-content\/uploads\/2009\/07\/1620-3.jpg\" data-rel=\"lightbox-image-1\" data-imagelightbox=\"1\" data-rl_title=\"\" data-rl_caption=\"\"><img loading=\"lazy\" decoding=\"async\" class=\"alignnone size-full wp-image-4229\" title=\"\" src=\"http:\/\/jlggb.net\/blog\/wp-content\/uploads\/2009\/07\/1620-3.jpg\" alt=\"1620-3\" width=\"640\" height=\"480\" srcset=\"http:\/\/jlggb.net\/blog\/wp-content\/uploads\/2009\/07\/1620-3.jpg 1280w, http:\/\/jlggb.net\/blog\/wp-content\/uploads\/2009\/07\/1620-3-200x150.jpg 200w, http:\/\/jlggb.net\/blog\/wp-content\/uploads\/2009\/07\/1620-3-500x375.jpg 500w, http:\/\/jlggb.net\/blog\/wp-content\/uploads\/2009\/07\/1620-3-1024x768.jpg 1024w\" sizes=\"auto, (max-width: 640px) 100vw, 640px\" \/><\/a><br \/>\n<a href=\"http:\/\/jlggb.net\/blog\/wp-content\/uploads\/2009\/07\/1620-2.jpg\" data-rel=\"lightbox-image-2\" data-imagelightbox=\"2\" data-rl_title=\"\" data-rl_caption=\"\"><img loading=\"lazy\" decoding=\"async\" class=\"alignnone size-full wp-image-4228\" title=\"\" src=\"http:\/\/jlggb.net\/blog\/wp-content\/uploads\/2009\/07\/1620-2.jpg\" alt=\"1620-2\" width=\"640\" height=\"480\" srcset=\"http:\/\/jlggb.net\/blog\/wp-content\/uploads\/2009\/07\/1620-2.jpg 1024w, http:\/\/jlggb.net\/blog\/wp-content\/uploads\/2009\/07\/1620-2-200x150.jpg 200w, http:\/\/jlggb.net\/blog\/wp-content\/uploads\/2009\/07\/1620-2-500x375.jpg 500w\" sizes=\"auto, (max-width: 640px) 100vw, 640px\" \/><\/a><br \/>\n<a href=\"http:\/\/jlggb.net\/blog\/wp-content\/uploads\/2009\/07\/1620-1.jpg\" data-rel=\"lightbox-image-3\" data-imagelightbox=\"3\" data-rl_title=\"\" data-rl_caption=\"\"><img loading=\"lazy\" decoding=\"async\" class=\"alignnone size-full wp-image-4227\" title=\"\" src=\"http:\/\/jlggb.net\/blog\/wp-content\/uploads\/2009\/07\/1620-1.jpg\" alt=\"1620-1\" width=\"640\" height=\"480\" \/><\/a><br \/>\nMardi 7 juillet 2009, 16h, cath\u00e9drale Saint-\u00c9tienne, Toulouse, vue et d\u00e9tail en direction de la nef la plus ancienne.<\/p>\n","protected":false},"excerpt":{"rendered":"<p>Dimanche 5 juillet 2009, 20h20 (comme on le voit \u00e0 l&rsquo;horloge), fa\u00e7ade ouest de la cath\u00e9drale Saint-\u00c9tienne, Toulouse. On dit que l&rsquo;assemblage d\u00e9sax\u00e9 de deux \u00e9glises, l&rsquo;h\u00e9t\u00e9roclite de la construction (XIe-XVIIe, XIXe et d\u00e9but du XXe), ont int\u00e9ress\u00e9 les architectes modernes (Le Corbusier) et post-modernes (Robert Venturi). Mardi 7 juillet 2009, 16h, cath\u00e9drale Saint-\u00c9tienne, Toulouse, &hellip; <a href=\"http:\/\/jlggb.net\/blog\/?p=4225\" class=\"more-link\">Continuer la lecture de <span class=\"screen-reader-text\">D\u00e9sax\u00e9e<\/span><\/a><\/p>\n","protected":false},"author":2,"featured_media":0,"comment_status":"closed","ping_status":"closed","sticky":false,"template":"","format":"standard","meta":{"footnotes":""},"categories":[18,9,81,11,46,13],"tags":[565,564],"class_list":["post-4225","post","type-post","status-publish","format-standard","hentry","category-architecture","category-exposition","category-horloge","category-langage","category-monument","category-visite","tag-saint-etienne","tag-toulouse"],"_links":{"self":[{"href":"http:\/\/jlggb.net\/blog\/index.php?rest_route=\/wp\/v2\/posts\/4225","targetHints":{"allow":["GET"]}}],"collection":[{"href":"http:\/\/jlggb.net\/blog\/index.php?rest_route=\/wp\/v2\/posts"}],"about":[{"href":"http:\/\/jlggb.net\/blog\/index.php?rest_route=\/wp\/v2\/types\/post"}],"author":[{"embeddable":true,"href":"http:\/\/jlggb.net\/blog\/index.php?rest_route=\/wp\/v2\/users\/2"}],"replies":[{"embeddable":true,"href":"http:\/\/jlggb.net\/blog\/index.php?rest_route=%2Fwp%2Fv2%2Fcomments&post=4225"}],"version-history":[{"count":0,"href":"http:\/\/jlggb.net\/blog\/index.php?rest_route=\/wp\/v2\/posts\/4225\/revisions"}],"wp:attachment":[{"href":"http:\/\/jlggb.net\/blog\/index.php?rest_route=%2Fwp%2Fv2%2Fmedia&parent=4225"}],"wp:term":[{"taxonomy":"category","embeddable":true,"href":"http:\/\/jlggb.net\/blog\/index.php?rest_route=%2Fwp%2Fv2%2Fcategories&post=4225"},{"taxonomy":"post_tag","embeddable":true,"href":"http:\/\/jlggb.net\/blog\/index.php?rest_route=%2Fwp%2Fv2%2Ftags&post=4225"}],"curies":[{"name":"wp","href":"https:\/\/api.w.org\/{rel}","templated":true}]}}