{"id":4148,"date":"2009-07-01T23:59:34","date_gmt":"2009-07-01T22:59:34","guid":{"rendered":"http:\/\/jlggb.net\/blog\/?p=4148"},"modified":"2025-09-20T00:23:56","modified_gmt":"2025-09-19T22:23:56","slug":"ligne-blanche","status":"publish","type":"post","link":"http:\/\/jlggb.net\/blog\/?p=4148","title":{"rendered":"Ligne blanche"},"content":{"rendered":"<p><a href=\"http:\/\/jlggb.net\/blog\/wp-content\/uploads\/2009\/07\/golf-gresy.jpg\" data-rel=\"lightbox-image-0\" data-imagelightbox=\"0\" data-rl_title=\"\" data-rl_caption=\"\"><img loading=\"lazy\" decoding=\"async\" class=\"alignnone size-full wp-image-4150\" title=\"\" src=\"http:\/\/jlggb.net\/blog\/wp-content\/uploads\/2009\/07\/golf-gresy.jpg\" alt=\"golf-gresy\" width=\"640\" height=\"480\" srcset=\"http:\/\/jlggb.net\/blog\/wp-content\/uploads\/2009\/07\/golf-gresy.jpg 1280w, http:\/\/jlggb.net\/blog\/wp-content\/uploads\/2009\/07\/golf-gresy-200x150.jpg 200w, http:\/\/jlggb.net\/blog\/wp-content\/uploads\/2009\/07\/golf-gresy-500x375.jpg 500w, http:\/\/jlggb.net\/blog\/wp-content\/uploads\/2009\/07\/golf-gresy-1024x768.jpg 1024w\" sizes=\"auto, (max-width: 640px) 100vw, 640px\" \/><\/a><br \/>\nMercredi 1er juillet 2009, 20h, parking de Carrefour, Gr\u00e9sy sur Aix, Savoie. Walter de Silva, designer de la Golf Six, avec Klaus Bischoff, Flavio Manzoni et l&rsquo;\u00e9quipe du style de Volkswagen&nbsp;: \u00ab Elle est plus accentu\u00e9e et plus tridimensionnelle que les versions pr\u00e9c\u00e9dentes, affichant des lignes et des angles pr\u00e9cis, associ\u00e9s \u00e0 des surfaces \u00e9vas\u00e9es et des renfoncements finement proportionn\u00e9s. \u00bb<\/p>\n<p><a href=\"http:\/\/jlggb.net\/blog\/wp-content\/uploads\/2009\/07\/walter-de-silva.jpg\" data-rel=\"lightbox-image-1\" data-imagelightbox=\"1\" data-rl_title=\"\" data-rl_caption=\"\"><img loading=\"lazy\" decoding=\"async\" class=\"alignnone size-full wp-image-4153\" title=\"\" src=\"http:\/\/jlggb.net\/blog\/wp-content\/uploads\/2009\/07\/walter-de-silva.jpg\" alt=\"walter-de-silva\" width=\"200\" height=\"110\" srcset=\"http:\/\/jlggb.net\/blog\/wp-content\/uploads\/2009\/07\/walter-de-silva.jpg 824w, http:\/\/jlggb.net\/blog\/wp-content\/uploads\/2009\/07\/walter-de-silva-200x110.jpg 200w, http:\/\/jlggb.net\/blog\/wp-content\/uploads\/2009\/07\/walter-de-silva-499x277.jpg 499w\" sizes=\"auto, (max-width: 200px) 100vw, 200px\" \/><\/a><\/p>\n","protected":false},"excerpt":{"rendered":"<p>Mercredi 1er juillet 2009, 20h, parking de Carrefour, Gr\u00e9sy sur Aix, Savoie. Walter de Silva, designer de la Golf Six, avec Klaus Bischoff, Flavio Manzoni et l&rsquo;\u00e9quipe du style de Volkswagen&nbsp;: \u00ab Elle est plus accentu\u00e9e et plus tridimensionnelle que les versions pr\u00e9c\u00e9dentes, affichant des lignes et des angles pr\u00e9cis, associ\u00e9s \u00e0 des surfaces \u00e9vas\u00e9es &hellip; <a href=\"http:\/\/jlggb.net\/blog\/?p=4148\" class=\"more-link\">Continuer la lecture de <span class=\"screen-reader-text\">Ligne blanche<\/span><\/a><\/p>\n","protected":false},"author":2,"featured_media":0,"comment_status":"closed","ping_status":"closed","sticky":false,"template":"","format":"standard","meta":{"footnotes":""},"categories":[17,102,26],"tags":[559,558],"class_list":["post-4148","post","type-post","status-publish","format-standard","hentry","category-design","category-paysage","category-transport","tag-golf","tag-volkswagen"],"_links":{"self":[{"href":"http:\/\/jlggb.net\/blog\/index.php?rest_route=\/wp\/v2\/posts\/4148","targetHints":{"allow":["GET"]}}],"collection":[{"href":"http:\/\/jlggb.net\/blog\/index.php?rest_route=\/wp\/v2\/posts"}],"about":[{"href":"http:\/\/jlggb.net\/blog\/index.php?rest_route=\/wp\/v2\/types\/post"}],"author":[{"embeddable":true,"href":"http:\/\/jlggb.net\/blog\/index.php?rest_route=\/wp\/v2\/users\/2"}],"replies":[{"embeddable":true,"href":"http:\/\/jlggb.net\/blog\/index.php?rest_route=%2Fwp%2Fv2%2Fcomments&post=4148"}],"version-history":[{"count":2,"href":"http:\/\/jlggb.net\/blog\/index.php?rest_route=\/wp\/v2\/posts\/4148\/revisions"}],"predecessor-version":[{"id":8132,"href":"http:\/\/jlggb.net\/blog\/index.php?rest_route=\/wp\/v2\/posts\/4148\/revisions\/8132"}],"wp:attachment":[{"href":"http:\/\/jlggb.net\/blog\/index.php?rest_route=%2Fwp%2Fv2%2Fmedia&parent=4148"}],"wp:term":[{"taxonomy":"category","embeddable":true,"href":"http:\/\/jlggb.net\/blog\/index.php?rest_route=%2Fwp%2Fv2%2Fcategories&post=4148"},{"taxonomy":"post_tag","embeddable":true,"href":"http:\/\/jlggb.net\/blog\/index.php?rest_route=%2Fwp%2Fv2%2Ftags&post=4148"}],"curies":[{"name":"wp","href":"https:\/\/api.w.org\/{rel}","templated":true}]}}