{"id":3954,"date":"2009-06-20T23:00:22","date_gmt":"2009-06-20T22:00:22","guid":{"rendered":"http:\/\/jlggb.net\/blog\/?p=3954"},"modified":"2014-08-10T23:20:19","modified_gmt":"2014-08-10T21:20:19","slug":"le-batiment-sicli-a-geneve","status":"publish","type":"post","link":"http:\/\/jlggb.net\/blog\/?p=3954","title":{"rendered":"Le b\u00e2timent Sicli \u00e0 Gen\u00e8ve"},"content":{"rendered":"<p style=\"text-align: center;\"><a href=\"http:\/\/jlggb.net\/blog\/wp-content\/uploads\/2009\/06\/sicli-google2.jpg\" data-rel=\"lightbox-image-0\" data-imagelightbox=\"0\" data-rl_title=\"\" data-rl_caption=\"\"><img loading=\"lazy\" decoding=\"async\" class=\"size-full wp-image-3974 aligncenter\" title=\"\" src=\"http:\/\/jlggb.net\/blog\/wp-content\/uploads\/2009\/06\/sicli-google2.jpg\" alt=\"sicli-google2\" width=\"200\" height=\"150\" \/><\/a>Le b\u00e2timent Sicli, 45 rue des Acacias, Gen\u00e8ve (Google Maps).<\/p>\n<p>L&rsquo;un des plus c\u00e9l\u00e8bres de l&rsquo;histoire de l&rsquo;architecture, le voile de b\u00e9ton du b\u00e2timent Sicli \u00e0 Gen\u00e8ve (10 cm d&rsquo;\u00e9paisseur, 33m x 54 m), construit en 1969, con\u00e7u par Heinz Isler (n\u00e9 en 1926) selon sa m\u00e9thode de mod\u00e9lisation par membrane invers\u00e9e (suspendue). L&rsquo;architecte est Constantin Hiberer. La 3e photo a \u00e9t\u00e9 publi\u00e9e dans <em>XXe. Un si\u00e8cle d&rsquo;architectures \u00e0 Gen\u00e8ve. Promenades<\/em>, Infolio, 2009.<\/p>\n<p><a href=\"http:\/\/jlggb.net\/blog\/wp-content\/uploads\/2009\/06\/sicli-1.jpg\" data-rel=\"lightbox-image-1\" data-imagelightbox=\"1\" data-rl_title=\"\" data-rl_caption=\"\"><img loading=\"lazy\" decoding=\"async\" class=\"alignnone size-full wp-image-3955\" title=\"\" src=\"http:\/\/jlggb.net\/blog\/wp-content\/uploads\/2009\/06\/sicli-1.jpg\" alt=\"sicli-1\" width=\"640\" height=\"480\" srcset=\"http:\/\/jlggb.net\/blog\/wp-content\/uploads\/2009\/06\/sicli-1.jpg 1280w, http:\/\/jlggb.net\/blog\/wp-content\/uploads\/2009\/06\/sicli-1-200x150.jpg 200w, http:\/\/jlggb.net\/blog\/wp-content\/uploads\/2009\/06\/sicli-1-500x375.jpg 500w, http:\/\/jlggb.net\/blog\/wp-content\/uploads\/2009\/06\/sicli-1-1024x768.jpg 1024w\" sizes=\"auto, (max-width: 640px) 100vw, 640px\" \/><\/a><br \/>\n<a href=\"http:\/\/jlggb.net\/blog\/wp-content\/uploads\/2009\/06\/sicli-2.jpg\" data-rel=\"lightbox-image-2\" data-imagelightbox=\"2\" data-rl_title=\"\" data-rl_caption=\"\"><img loading=\"lazy\" decoding=\"async\" class=\"alignnone size-full wp-image-3956\" title=\"\" src=\"http:\/\/jlggb.net\/blog\/wp-content\/uploads\/2009\/06\/sicli-2.jpg\" alt=\"sicli-2\" width=\"640\" height=\"480\" srcset=\"http:\/\/jlggb.net\/blog\/wp-content\/uploads\/2009\/06\/sicli-2.jpg 1280w, http:\/\/jlggb.net\/blog\/wp-content\/uploads\/2009\/06\/sicli-2-200x150.jpg 200w, http:\/\/jlggb.net\/blog\/wp-content\/uploads\/2009\/06\/sicli-2-500x375.jpg 500w, http:\/\/jlggb.net\/blog\/wp-content\/uploads\/2009\/06\/sicli-2-1024x768.jpg 1024w\" sizes=\"auto, (max-width: 640px) 100vw, 640px\" \/><\/a><br \/>\n<a href=\"http:\/\/jlggb.net\/blog\/wp-content\/uploads\/2009\/06\/sicli-43.jpg\" data-rel=\"lightbox-image-3\" data-imagelightbox=\"3\" data-rl_title=\"\" data-rl_caption=\"\" title=\"\"><img loading=\"lazy\" decoding=\"async\" class=\"alignnone size-full wp-image-3958\" src=\"http:\/\/jlggb.net\/blog\/wp-content\/uploads\/2009\/06\/sicli-43.jpg\" alt=\"\" width=\"640\" height=\"480\" srcset=\"http:\/\/jlggb.net\/blog\/wp-content\/uploads\/2009\/06\/sicli-43.jpg 1280w, http:\/\/jlggb.net\/blog\/wp-content\/uploads\/2009\/06\/sicli-43-200x150.jpg 200w, http:\/\/jlggb.net\/blog\/wp-content\/uploads\/2009\/06\/sicli-43-500x375.jpg 500w, http:\/\/jlggb.net\/blog\/wp-content\/uploads\/2009\/06\/sicli-43-1024x768.jpg 1024w\" sizes=\"auto, (max-width: 640px) 100vw, 640px\" \/><\/a><br \/>\nSamedi 20 juin 2009, 8h30, rue des Acacias, Gen\u00e8ve.<\/p>\n","protected":false},"excerpt":{"rendered":"<p>Le b\u00e2timent Sicli, 45 rue des Acacias, Gen\u00e8ve (Google Maps). L&rsquo;un des plus c\u00e9l\u00e8bres de l&rsquo;histoire de l&rsquo;architecture, le voile de b\u00e9ton du b\u00e2timent Sicli \u00e0 Gen\u00e8ve (10 cm d&rsquo;\u00e9paisseur, 33m x 54 m), construit en 1969, con\u00e7u par Heinz Isler (n\u00e9 en 1926) selon sa m\u00e9thode de mod\u00e9lisation par membrane invers\u00e9e (suspendue). L&rsquo;architecte est &hellip; <a href=\"http:\/\/jlggb.net\/blog\/?p=3954\" class=\"more-link\">Continuer la lecture de <span class=\"screen-reader-text\">Le b\u00e2timent Sicli \u00e0 Gen\u00e8ve<\/span><\/a><\/p>\n","protected":false},"author":2,"featured_media":0,"comment_status":"closed","ping_status":"closed","sticky":false,"template":"","format":"standard","meta":{"footnotes":""},"categories":[18,46,19],"tags":[194,536,535],"class_list":["post-3954","post","type-post","status-publish","format-standard","hentry","category-architecture","category-monument","category-ville","tag-geneve","tag-heinz-isler","tag-sicli"],"_links":{"self":[{"href":"http:\/\/jlggb.net\/blog\/index.php?rest_route=\/wp\/v2\/posts\/3954","targetHints":{"allow":["GET"]}}],"collection":[{"href":"http:\/\/jlggb.net\/blog\/index.php?rest_route=\/wp\/v2\/posts"}],"about":[{"href":"http:\/\/jlggb.net\/blog\/index.php?rest_route=\/wp\/v2\/types\/post"}],"author":[{"embeddable":true,"href":"http:\/\/jlggb.net\/blog\/index.php?rest_route=\/wp\/v2\/users\/2"}],"replies":[{"embeddable":true,"href":"http:\/\/jlggb.net\/blog\/index.php?rest_route=%2Fwp%2Fv2%2Fcomments&post=3954"}],"version-history":[{"count":3,"href":"http:\/\/jlggb.net\/blog\/index.php?rest_route=\/wp\/v2\/posts\/3954\/revisions"}],"predecessor-version":[{"id":7409,"href":"http:\/\/jlggb.net\/blog\/index.php?rest_route=\/wp\/v2\/posts\/3954\/revisions\/7409"}],"wp:attachment":[{"href":"http:\/\/jlggb.net\/blog\/index.php?rest_route=%2Fwp%2Fv2%2Fmedia&parent=3954"}],"wp:term":[{"taxonomy":"category","embeddable":true,"href":"http:\/\/jlggb.net\/blog\/index.php?rest_route=%2Fwp%2Fv2%2Fcategories&post=3954"},{"taxonomy":"post_tag","embeddable":true,"href":"http:\/\/jlggb.net\/blog\/index.php?rest_route=%2Fwp%2Fv2%2Ftags&post=3954"}],"curies":[{"name":"wp","href":"https:\/\/api.w.org\/{rel}","templated":true}]}}