{"id":3855,"date":"2009-06-15T15:00:46","date_gmt":"2009-06-15T14:00:46","guid":{"rendered":"http:\/\/jlggb.net\/blog\/?p=3855"},"modified":"2009-08-25T23:29:15","modified_gmt":"2009-08-25T22:29:15","slug":"ambiance-de-travail-bis","status":"publish","type":"post","link":"http:\/\/jlggb.net\/blog\/?p=3855","title":{"rendered":"Ambiance de travail, bis"},"content":{"rendered":"<p><a href=\"http:\/\/jlggb.net\/blog\/wp-content\/uploads\/2009\/06\/bureau-bouteille1.jpg\" data-rel=\"lightbox-image-0\" data-imagelightbox=\"0\" data-rl_title=\"\" data-rl_caption=\"\"><img loading=\"lazy\" decoding=\"async\" class=\"alignnone size-full wp-image-3857\" title=\"\" src=\"http:\/\/jlggb.net\/blog\/wp-content\/uploads\/2009\/06\/bureau-bouteille1.jpg\" alt=\"bureau-bouteille1\" width=\"640\" height=\"480\" srcset=\"http:\/\/jlggb.net\/blog\/wp-content\/uploads\/2009\/06\/bureau-bouteille1.jpg 1280w, http:\/\/jlggb.net\/blog\/wp-content\/uploads\/2009\/06\/bureau-bouteille1-200x150.jpg 200w, http:\/\/jlggb.net\/blog\/wp-content\/uploads\/2009\/06\/bureau-bouteille1-500x375.jpg 500w, http:\/\/jlggb.net\/blog\/wp-content\/uploads\/2009\/06\/bureau-bouteille1-1024x768.jpg 1024w\" sizes=\"auto, (max-width: 640px) 100vw, 640px\" \/><\/a><br \/>\nLe Nice-Savoie, Aix-les-bains, lundi 15 juin 2009, 14h00. Comme il fait chaud, on ferme les rideaux. Une petite bouteille ancienne  en verre vert, trouv\u00e9e sur le terrain de Chindrieux il y a trois ans, a \u00e9t\u00e9 \u00e9lue r\u00e9cemment comme vase sym\u00e9trique de la porcelaine \u00ab&nbsp;Form 2000&nbsp;\u00bb de Rosenthal et Raymond Loewy (voir <a href=\"http:\/\/jlggb.net\/blog\/?p=1909\" target=\"_self\">\u00ab&nbsp;Ambiance de travail&nbsp;\u00bb<\/a> du 26 mars 2009). Les deux tiges ont \u00e9t\u00e9 cueillies dans la cour il y a trois jours, en boutons. Ce matin, en l&rsquo;espace de quelques dizaines de minutes, deux fleurs se sont ouvertes. C&rsquo;est la qualit\u00e9 de cette fleur, l&rsquo;h\u00e9m\u00e9rocalle, d&rsquo;\u00eatre ainsi la \u00ab&nbsp;beaut\u00e9 d&rsquo;un jour&nbsp;\u00bb, du grec <em>hemera<\/em>, jour et <em>kallos<\/em>, beaut\u00e9, <em>daylily<\/em> en anglais, ou encore <em>Hemerocallis fulva<\/em>, du latin <em>fulva<\/em>, jaune-orang\u00e9, famille des <em>liliaceae<\/em>.<\/p>\n","protected":false},"excerpt":{"rendered":"<p>Le Nice-Savoie, Aix-les-bains, lundi 15 juin 2009, 14h00. Comme il fait chaud, on ferme les rideaux. Une petite bouteille ancienne en verre vert, trouv\u00e9e sur le terrain de Chindrieux il y a trois ans, a \u00e9t\u00e9 \u00e9lue r\u00e9cemment comme vase sym\u00e9trique de la porcelaine \u00ab&nbsp;Form 2000&nbsp;\u00bb de Rosenthal et Raymond Loewy (voir \u00ab&nbsp;Ambiance de travail&nbsp;\u00bb &hellip; <a href=\"http:\/\/jlggb.net\/blog\/?p=3855\" class=\"more-link\">Continuer la lecture de <span class=\"screen-reader-text\">Ambiance de travail, bis<\/span><\/a><\/p>\n","protected":false},"author":2,"featured_media":0,"comment_status":"closed","ping_status":"closed","sticky":false,"template":"","format":"standard","meta":{"footnotes":""},"categories":[51,73],"tags":[521,522],"class_list":["post-3855","post","type-post","status-publish","format-standard","hentry","category-couleur","category-plante","tag-hemerocalle","tag-hemerocallis-fulva"],"_links":{"self":[{"href":"http:\/\/jlggb.net\/blog\/index.php?rest_route=\/wp\/v2\/posts\/3855","targetHints":{"allow":["GET"]}}],"collection":[{"href":"http:\/\/jlggb.net\/blog\/index.php?rest_route=\/wp\/v2\/posts"}],"about":[{"href":"http:\/\/jlggb.net\/blog\/index.php?rest_route=\/wp\/v2\/types\/post"}],"author":[{"embeddable":true,"href":"http:\/\/jlggb.net\/blog\/index.php?rest_route=\/wp\/v2\/users\/2"}],"replies":[{"embeddable":true,"href":"http:\/\/jlggb.net\/blog\/index.php?rest_route=%2Fwp%2Fv2%2Fcomments&post=3855"}],"version-history":[{"count":0,"href":"http:\/\/jlggb.net\/blog\/index.php?rest_route=\/wp\/v2\/posts\/3855\/revisions"}],"wp:attachment":[{"href":"http:\/\/jlggb.net\/blog\/index.php?rest_route=%2Fwp%2Fv2%2Fmedia&parent=3855"}],"wp:term":[{"taxonomy":"category","embeddable":true,"href":"http:\/\/jlggb.net\/blog\/index.php?rest_route=%2Fwp%2Fv2%2Fcategories&post=3855"},{"taxonomy":"post_tag","embeddable":true,"href":"http:\/\/jlggb.net\/blog\/index.php?rest_route=%2Fwp%2Fv2%2Ftags&post=3855"}],"curies":[{"name":"wp","href":"https:\/\/api.w.org\/{rel}","templated":true}]}}