{"id":3810,"date":"2009-06-14T23:58:40","date_gmt":"2009-06-14T22:58:40","guid":{"rendered":"http:\/\/jlggb.net\/blog\/?p=3810"},"modified":"2009-08-25T23:31:20","modified_gmt":"2009-08-25T22:31:20","slug":"la-couleur-des-cerises","status":"publish","type":"post","link":"http:\/\/jlggb.net\/blog\/?p=3810","title":{"rendered":"La couleur des cerises"},"content":{"rendered":"<p><a href=\"http:\/\/jlggb.net\/blog\/wp-content\/uploads\/2009\/06\/cerises-vermillon.jpg\" data-rel=\"lightbox-image-0\" data-imagelightbox=\"0\" data-rl_title=\"\" data-rl_caption=\"\"><img loading=\"lazy\" decoding=\"async\" class=\"alignnone size-full wp-image-3811\" title=\"\" src=\"http:\/\/jlggb.net\/blog\/wp-content\/uploads\/2009\/06\/cerises-vermillon.jpg\" alt=\"cerises-vermillon\" width=\"640\" height=\"480\" srcset=\"http:\/\/jlggb.net\/blog\/wp-content\/uploads\/2009\/06\/cerises-vermillon.jpg 1280w, http:\/\/jlggb.net\/blog\/wp-content\/uploads\/2009\/06\/cerises-vermillon-200x150.jpg 200w, http:\/\/jlggb.net\/blog\/wp-content\/uploads\/2009\/06\/cerises-vermillon-500x375.jpg 500w, http:\/\/jlggb.net\/blog\/wp-content\/uploads\/2009\/06\/cerises-vermillon-1024x768.jpg 1024w\" sizes=\"auto, (max-width: 640px) 100vw, 640px\" \/><\/a><br \/>\n<a href=\"http:\/\/jlggb.net\/blog\/wp-content\/uploads\/2009\/06\/cerises-noires.jpg\" data-rel=\"lightbox-image-1\" data-imagelightbox=\"1\" data-rl_title=\"\" data-rl_caption=\"\"><img loading=\"lazy\" decoding=\"async\" class=\"alignnone size-full wp-image-3812\" title=\"\" src=\"http:\/\/jlggb.net\/blog\/wp-content\/uploads\/2009\/06\/cerises-noires.jpg\" alt=\"cerises-noires\" width=\"640\" height=\"480\" srcset=\"http:\/\/jlggb.net\/blog\/wp-content\/uploads\/2009\/06\/cerises-noires.jpg 1280w, http:\/\/jlggb.net\/blog\/wp-content\/uploads\/2009\/06\/cerises-noires-200x150.jpg 200w, http:\/\/jlggb.net\/blog\/wp-content\/uploads\/2009\/06\/cerises-noires-500x375.jpg 500w, http:\/\/jlggb.net\/blog\/wp-content\/uploads\/2009\/06\/cerises-noires-1024x768.jpg 1024w\" sizes=\"auto, (max-width: 640px) 100vw, 640px\" \/><\/a><br \/>\nAix-les-Bains, dimanche 14 juin 2009, 10h.<\/p>\n<p>Les deux cerisiers sont voisins de la Tour de Saint-Simond (dans son ancien verger&nbsp;?). Les cerises noires sont tr\u00e8s m\u00fbres, tr\u00e8s bonnes, l&rsquo;arbre en est plein, on dirait que personne n&rsquo;en a cueilli. Idem pour les griottes vermillon translucides, sauf qu&rsquo;elles sont plus difficiles \u00e0 manger. 2009 est une ann\u00e9e \u00e0 cerises.<\/p>\n<p>Remarque sur les couleurs&nbsp;: on range sans difficult\u00e9 le \u00ab vermillon \u00bb et le \u00ab noir \u00bb sous le mot <em>rouge<\/em>, \u00ab la couleur des cerises \u00bb.<\/p>\n<p style=\"text-align: center;\"><a href=\"http:\/\/jlggb.net\/blog\/wp-content\/uploads\/2009\/06\/sampling.jpg\" data-rel=\"lightbox-image-2\" data-imagelightbox=\"2\" data-rl_title=\"\" data-rl_caption=\"\"><img loading=\"lazy\" decoding=\"async\" class=\"alignnone size-full wp-image-3836\" title=\"\" src=\"http:\/\/jlggb.net\/blog\/wp-content\/uploads\/2009\/06\/sampling.jpg\" alt=\"sampling\" width=\"80\" height=\"120\" \/><\/a><a href=\"http:\/\/jlggb.net\/blog\/wp-content\/uploads\/2009\/06\/sampling.jpg\" data-rel=\"lightbox-image-3\" data-imagelightbox=\"3\" data-rl_title=\"\" data-rl_caption=\"\" title=\"\"><br \/>\n<\/a>\u00c9chantillons des deux photographies ci-dessus.<a href=\"http:\/\/jlggb.net\/blog\/wp-content\/uploads\/2009\/06\/sampling.jpg\" data-rel=\"lightbox-image-3\" data-imagelightbox=\"3\" data-rl_title=\"\" data-rl_caption=\"\" title=\"\"><br \/>\n<\/a><\/p>\n<p style=\"text-align: left;\">Remarque sur cerises et belv\u00e9d\u00e8re&nbsp;: voir le billet <a href=\"http:\/\/jlggb.net\/blog\/?p=3800\" target=\"_self\">\u00ab Belv\u00e9d\u00e8re \u00bb<\/a> du m\u00eame jour.<\/p>\n","protected":false},"excerpt":{"rendered":"<p>Aix-les-Bains, dimanche 14 juin 2009, 10h. Les deux cerisiers sont voisins de la Tour de Saint-Simond (dans son ancien verger&nbsp;?). Les cerises noires sont tr\u00e8s m\u00fbres, tr\u00e8s bonnes, l&rsquo;arbre en est plein, on dirait que personne n&rsquo;en a cueilli. Idem pour les griottes vermillon translucides, sauf qu&rsquo;elles sont plus difficiles \u00e0 manger. 2009 est une &hellip; <a href=\"http:\/\/jlggb.net\/blog\/?p=3810\" class=\"more-link\">Continuer la lecture de <span class=\"screen-reader-text\">La couleur des cerises<\/span><\/a><\/p>\n","protected":false},"author":2,"featured_media":0,"comment_status":"closed","ping_status":"closed","sticky":false,"template":"","format":"standard","meta":{"footnotes":""},"categories":[51,73,13],"tags":[367,518],"class_list":["post-3810","post","type-post","status-publish","format-standard","hentry","category-couleur","category-plante","category-visite","tag-cerisier","tag-griottes"],"_links":{"self":[{"href":"http:\/\/jlggb.net\/blog\/index.php?rest_route=\/wp\/v2\/posts\/3810","targetHints":{"allow":["GET"]}}],"collection":[{"href":"http:\/\/jlggb.net\/blog\/index.php?rest_route=\/wp\/v2\/posts"}],"about":[{"href":"http:\/\/jlggb.net\/blog\/index.php?rest_route=\/wp\/v2\/types\/post"}],"author":[{"embeddable":true,"href":"http:\/\/jlggb.net\/blog\/index.php?rest_route=\/wp\/v2\/users\/2"}],"replies":[{"embeddable":true,"href":"http:\/\/jlggb.net\/blog\/index.php?rest_route=%2Fwp%2Fv2%2Fcomments&post=3810"}],"version-history":[{"count":0,"href":"http:\/\/jlggb.net\/blog\/index.php?rest_route=\/wp\/v2\/posts\/3810\/revisions"}],"wp:attachment":[{"href":"http:\/\/jlggb.net\/blog\/index.php?rest_route=%2Fwp%2Fv2%2Fmedia&parent=3810"}],"wp:term":[{"taxonomy":"category","embeddable":true,"href":"http:\/\/jlggb.net\/blog\/index.php?rest_route=%2Fwp%2Fv2%2Fcategories&post=3810"},{"taxonomy":"post_tag","embeddable":true,"href":"http:\/\/jlggb.net\/blog\/index.php?rest_route=%2Fwp%2Fv2%2Ftags&post=3810"}],"curies":[{"name":"wp","href":"https:\/\/api.w.org\/{rel}","templated":true}]}}