{"id":3800,"date":"2009-06-14T23:59:38","date_gmt":"2009-06-14T22:59:38","guid":{"rendered":"http:\/\/jlggb.net\/blog\/?p=3800"},"modified":"2009-08-25T23:30:24","modified_gmt":"2009-08-25T22:30:24","slug":"belvedere","status":"publish","type":"post","link":"http:\/\/jlggb.net\/blog\/?p=3800","title":{"rendered":"Belv\u00e9d\u00e8re"},"content":{"rendered":"<p><a href=\"http:\/\/jlggb.net\/blog\/wp-content\/uploads\/2009\/06\/tour-jardin.jpg\" data-rel=\"lightbox-image-0\" data-imagelightbox=\"0\" data-rl_title=\"\" data-rl_caption=\"\"><img loading=\"lazy\" decoding=\"async\" class=\"alignnone size-full wp-image-3801\" title=\"\" src=\"http:\/\/jlggb.net\/blog\/wp-content\/uploads\/2009\/06\/tour-jardin.jpg\" alt=\"tour-jardin\" width=\"640\" height=\"480\" srcset=\"http:\/\/jlggb.net\/blog\/wp-content\/uploads\/2009\/06\/tour-jardin.jpg 1280w, http:\/\/jlggb.net\/blog\/wp-content\/uploads\/2009\/06\/tour-jardin-200x150.jpg 200w, http:\/\/jlggb.net\/blog\/wp-content\/uploads\/2009\/06\/tour-jardin-500x375.jpg 500w, http:\/\/jlggb.net\/blog\/wp-content\/uploads\/2009\/06\/tour-jardin-1024x768.jpg 1024w\" sizes=\"auto, (max-width: 640px) 100vw, 640px\" \/><\/a><br \/>\n<a href=\"http:\/\/jlggb.net\/blog\/wp-content\/uploads\/2009\/06\/tour.jpg\" data-rel=\"lightbox-image-1\" data-imagelightbox=\"1\" data-rl_title=\"\" data-rl_caption=\"\"><img loading=\"lazy\" decoding=\"async\" class=\"alignnone size-full wp-image-3802\" title=\"\" src=\"http:\/\/jlggb.net\/blog\/wp-content\/uploads\/2009\/06\/tour.jpg\" alt=\"tour\" width=\"640\" height=\"480\" srcset=\"http:\/\/jlggb.net\/blog\/wp-content\/uploads\/2009\/06\/tour.jpg 1280w, http:\/\/jlggb.net\/blog\/wp-content\/uploads\/2009\/06\/tour-200x150.jpg 200w, http:\/\/jlggb.net\/blog\/wp-content\/uploads\/2009\/06\/tour-500x375.jpg 500w, http:\/\/jlggb.net\/blog\/wp-content\/uploads\/2009\/06\/tour-1024x768.jpg 1024w\" sizes=\"auto, (max-width: 640px) 100vw, 640px\" \/><\/a><br \/>\nAix-les-Bains, Tour de Saint-Simond, dimanche 14 juin 2009, 10h30.<\/p>\n<blockquote><p><a href=\"http:\/\/www.patrimoine-aixlesbains.fr\/?page=fiches&amp;p=IA73001432\" target=\"_blank\">Le site du patrimoine d&rsquo;Aix-les-Bains donne ces indications historiques<\/a>&nbsp;:<br \/>\nLa tour fut probablement construite au d\u00e9but du XIXe si\u00e8cle. Elle servait de belv\u00e9d\u00e8re, sa hauteur permettant d&rsquo;apercevoir le lac. D\u00e8s 1830, elle est mentionn\u00e9e dans les guides touristiques sous l&rsquo;appellation de Tour de Monsieur Eustache. Il \u00e9tait possible de la visiter et de monter \u00e0 son sommet. Cependant, en 1872, le docteur Forestier signale qu&rsquo;elle n&rsquo;est plus accessible. Lors du d\u00e9membrement de la propri\u00e9t\u00e9, en 1893, la tour fut vendue avec la maison de ma\u00eetre et son jardin. Elle devint villa de vill\u00e9giature au XXe si\u00e8cle. En 1940, l&rsquo;architecte aixois, Pierre Guilland, ajouta un pavillon.<\/p><\/blockquote>\n<p>Il est \u00e0 noter que l&#8217;emplacement de la tour est particuli\u00e8rement bon pour saisir le site d&rsquo;Aix-les-bains dans son ensemble&nbsp;: c&rsquo;est une partie \u00e9lev\u00e9e et centrale d&rsquo;o\u00f9 l&rsquo;on voit la vall\u00e9e d&rsquo;Aix vers le nord et vers le sud, vers l&rsquo;ouest le lac et la montagne de la Dent du Chat, vers l&rsquo;est le Mont Revard mais aussi le paysage vallonn\u00e9 qui est en dessous.<\/p>\n<p>Remarque historique\u00a0: la rotonde de la Tour de Monsieur Eustache est tr\u00e8s proche, par sa structure et par sa technique de construction, des kiosques qui lui sont contemporains, mais aussi des panoramas de la fin du XVIIIe si\u00e8cle et du d\u00e9but du XIXe si\u00e8cle. Il faut rappeler l&rsquo;engouement de cette \u00e9poque pour les panoramas de toiles peintes et le grand nombre des constructions qui l&rsquo;on accompagn\u00e9, aujourd&rsquo;hui disparues pour la plupart. On a ici un belv\u00e9d\u00e8re-panorama.<\/p>\n<p>Remarque litt\u00e9raire\u00a0: les cerisiers proches ne sont peut-\u00eatre pas l\u00e0 par hasard. Y aurait-il une relation entre belv\u00e9d\u00e8re et cerises\u00a0? Oui, chez Rousseau. L&rsquo;Idylle des cerises consiste \u00e0 trouver un observatoire surplombant. D&rsquo;accord, Rousseau n&rsquo;aime pas les vues d&rsquo;ensemble, il est myope. Il n&#8217;emp\u00eache\u00a0: le duo de cerises jet\u00e9 est (entre autres) une figure du regard lanc\u00e9. Voir\u00a0: <a href=\"http:\/\/jlggb.net\/blog\/?p=3236\" target=\"_self\">\u00ab\u00a014.06.2002\u00a0: L\u2019idylle de Th\u00f4nes (une histoire d\u2019\u00e9chelle et de cerises)\u00a0\u00bb<\/a>, billet du \u00ab\u00a0Blog d&rsquo;avant le blog\u00a0\u00bb en date du 14 juin 2002, il y a tr\u00e8s exactement 7 ans.<\/p>\n<p style=\"text-align: center;\"><a href=\"http:\/\/jlggb.net\/blog\/wp-content\/uploads\/2009\/06\/rousseau-cerises.jpg\" data-rel=\"lightbox-image-2\" data-imagelightbox=\"2\" data-rl_title=\"\" data-rl_caption=\"\"><img loading=\"lazy\" decoding=\"async\" class=\"alignnone size-full wp-image-3840\" title=\"\" src=\"http:\/\/jlggb.net\/blog\/wp-content\/uploads\/2009\/06\/rousseau-cerises.jpg\" alt=\"rousseau-cerises\" width=\"172\" height=\"172\" srcset=\"http:\/\/jlggb.net\/blog\/wp-content\/uploads\/2009\/06\/rousseau-cerises.jpg 334w, http:\/\/jlggb.net\/blog\/wp-content\/uploads\/2009\/06\/rousseau-cerises-150x150.jpg 150w\" sizes=\"auto, (max-width: 172px) 100vw, 172px\" \/><\/a><\/p>\n<p style=\"text-align: center;\">Camille Roqueplan, <em>Rousseau cueillant des cerises<\/em>, 1836,<br \/>\naquarelle, Mus\u00e9e-Ch\u00e2teau d&rsquo;Annecy, d\u00e9tail.<\/p>\n","protected":false},"excerpt":{"rendered":"<p>Aix-les-Bains, Tour de Saint-Simond, dimanche 14 juin 2009, 10h30. Le site du patrimoine d&rsquo;Aix-les-Bains donne ces indications historiques&nbsp;: La tour fut probablement construite au d\u00e9but du XIXe si\u00e8cle. Elle servait de belv\u00e9d\u00e8re, sa hauteur permettant d&rsquo;apercevoir le lac. D\u00e8s 1830, elle est mentionn\u00e9e dans les guides touristiques sous l&rsquo;appellation de Tour de Monsieur Eustache. Il &hellip; <a href=\"http:\/\/jlggb.net\/blog\/?p=3800\" class=\"more-link\">Continuer la lecture de <span class=\"screen-reader-text\">Belv\u00e9d\u00e8re<\/span><\/a><\/p>\n","protected":false},"author":2,"featured_media":0,"comment_status":"closed","ping_status":"closed","sticky":false,"template":"","format":"standard","meta":{"footnotes":""},"categories":[18,46,13],"tags":[57,465,344,519,520,517],"class_list":["post-3800","post","type-post","status-publish","format-standard","hentry","category-architecture","category-monument","category-visite","tag-aix-les-bains","tag-cerises","tag-jean-jacques-rousseau","tag-panorama","tag-rotonde","tag-tour-de-saint-simond"],"_links":{"self":[{"href":"http:\/\/jlggb.net\/blog\/index.php?rest_route=\/wp\/v2\/posts\/3800","targetHints":{"allow":["GET"]}}],"collection":[{"href":"http:\/\/jlggb.net\/blog\/index.php?rest_route=\/wp\/v2\/posts"}],"about":[{"href":"http:\/\/jlggb.net\/blog\/index.php?rest_route=\/wp\/v2\/types\/post"}],"author":[{"embeddable":true,"href":"http:\/\/jlggb.net\/blog\/index.php?rest_route=\/wp\/v2\/users\/2"}],"replies":[{"embeddable":true,"href":"http:\/\/jlggb.net\/blog\/index.php?rest_route=%2Fwp%2Fv2%2Fcomments&post=3800"}],"version-history":[{"count":0,"href":"http:\/\/jlggb.net\/blog\/index.php?rest_route=\/wp\/v2\/posts\/3800\/revisions"}],"wp:attachment":[{"href":"http:\/\/jlggb.net\/blog\/index.php?rest_route=%2Fwp%2Fv2%2Fmedia&parent=3800"}],"wp:term":[{"taxonomy":"category","embeddable":true,"href":"http:\/\/jlggb.net\/blog\/index.php?rest_route=%2Fwp%2Fv2%2Fcategories&post=3800"},{"taxonomy":"post_tag","embeddable":true,"href":"http:\/\/jlggb.net\/blog\/index.php?rest_route=%2Fwp%2Fv2%2Ftags&post=3800"}],"curies":[{"name":"wp","href":"https:\/\/api.w.org\/{rel}","templated":true}]}}