{"id":3656,"date":"2009-06-09T23:35:20","date_gmt":"2009-06-09T22:35:20","guid":{"rendered":"http:\/\/jlggb.net\/blog\/?p=3656"},"modified":"2010-01-29T00:16:52","modified_gmt":"2010-01-29T00:16:52","slug":"2-rue-de-la-liberte","status":"publish","type":"post","link":"http:\/\/jlggb.net\/blog\/?p=3656","title":{"rendered":"2 rue de la Libert\u00e9"},"content":{"rendered":"<p>Ce b\u00e2timent a \u00e9t\u00e9 construit au cours de l&rsquo;\u00e9t\u00e9 1980 pour recevoir l&rsquo;Universit\u00e9 Paris 8 d\u00e9plac\u00e9e du Bois de Vincennes (voir&nbsp;: <a href=\"http:\/\/jlggb.net\/blog\/?p=185\" target=\"_self\">28 janvier 2008, \u00ab L&rsquo;illumination de Vincennes \u00bb<\/a>). La fr\u00e9quentation prolong\u00e9e de ces lieux a emp\u00each\u00e9 de les voir vraiment. Si tant est qu&rsquo;on puisse jamais voir vraiment quoi que ce soit. C&rsquo;est peut-\u00eatre le d\u00e9but d&rsquo;une s\u00e9rie de photographies. Car l&rsquo;id\u00e9e de photographier n&rsquo;\u00e9tait pas venue jusqu&rsquo;\u00e0 ce jour, ou presque (voir&nbsp;: <a href=\"http:\/\/jlggb.net\/blog\/?p=380\" target=\"_self\">\u00ab 18 juin 2008, salle A-072 \u00bb<\/a>).<\/p>\n<p><a href=\"http:\/\/jlggb.net\/blog\/wp-content\/uploads\/2009\/06\/fac-hall-ciel.jpg\" data-rel=\"lightbox-image-0\" data-imagelightbox=\"0\" data-rl_title=\"\" data-rl_caption=\"\"><img loading=\"lazy\" decoding=\"async\" class=\"alignnone size-full wp-image-3658\" title=\"\" src=\"http:\/\/jlggb.net\/blog\/wp-content\/uploads\/2009\/06\/fac-hall-ciel.jpg\" alt=\"fac-hall-ciel\" width=\"640\" height=\"480\" srcset=\"http:\/\/jlggb.net\/blog\/wp-content\/uploads\/2009\/06\/fac-hall-ciel.jpg 1280w, http:\/\/jlggb.net\/blog\/wp-content\/uploads\/2009\/06\/fac-hall-ciel-200x150.jpg 200w, http:\/\/jlggb.net\/blog\/wp-content\/uploads\/2009\/06\/fac-hall-ciel-500x375.jpg 500w, http:\/\/jlggb.net\/blog\/wp-content\/uploads\/2009\/06\/fac-hall-ciel-1024x768.jpg 1024w\" sizes=\"auto, (max-width: 640px) 100vw, 640px\" \/><\/a><br \/>\n<a href=\"http:\/\/jlggb.net\/blog\/wp-content\/uploads\/2009\/06\/fac-hall-sol.jpg\" data-rel=\"lightbox-image-1\" data-imagelightbox=\"1\" data-rl_title=\"\" data-rl_caption=\"\"><img loading=\"lazy\" decoding=\"async\" class=\"alignnone size-full wp-image-3659\" title=\"\" src=\"http:\/\/jlggb.net\/blog\/wp-content\/uploads\/2009\/06\/fac-hall-sol.jpg\" alt=\"fac-hall-sol\" width=\"640\" height=\"480\" srcset=\"http:\/\/jlggb.net\/blog\/wp-content\/uploads\/2009\/06\/fac-hall-sol.jpg 1280w, http:\/\/jlggb.net\/blog\/wp-content\/uploads\/2009\/06\/fac-hall-sol-200x150.jpg 200w, http:\/\/jlggb.net\/blog\/wp-content\/uploads\/2009\/06\/fac-hall-sol-500x375.jpg 500w, http:\/\/jlggb.net\/blog\/wp-content\/uploads\/2009\/06\/fac-hall-sol-1024x768.jpg 1024w\" sizes=\"auto, (max-width: 640px) 100vw, 640px\" \/><\/a><br \/>\nMardi 9 juin 2009, 11h50, hall de l&rsquo;Universit\u00e9 Paris 8, 2 rue de la Libert\u00e9, Saint-Denis.<\/p>\n","protected":false},"excerpt":{"rendered":"<p>Ce b\u00e2timent a \u00e9t\u00e9 construit au cours de l&rsquo;\u00e9t\u00e9 1980 pour recevoir l&rsquo;Universit\u00e9 Paris 8 d\u00e9plac\u00e9e du Bois de Vincennes (voir&nbsp;: 28 janvier 2008, \u00ab L&rsquo;illumination de Vincennes \u00bb). La fr\u00e9quentation prolong\u00e9e de ces lieux a emp\u00each\u00e9 de les voir vraiment. Si tant est qu&rsquo;on puisse jamais voir vraiment quoi que ce soit. C&rsquo;est peut-\u00eatre &hellip; <a href=\"http:\/\/jlggb.net\/blog\/?p=3656\" class=\"more-link\">Continuer la lecture de <span class=\"screen-reader-text\">2 rue de la Libert\u00e9<\/span><\/a><\/p>\n","protected":false},"author":2,"featured_media":0,"comment_status":"closed","ping_status":"closed","sticky":false,"template":"","format":"standard","meta":{"footnotes":""},"categories":[18,46,372,20],"tags":[369,53],"class_list":["post-3656","post","type-post","status-publish","format-standard","hentry","category-architecture","category-monument","category-observation","category-universite-et-ecole","tag-saint-denis","tag-universite-paris-8"],"_links":{"self":[{"href":"http:\/\/jlggb.net\/blog\/index.php?rest_route=\/wp\/v2\/posts\/3656","targetHints":{"allow":["GET"]}}],"collection":[{"href":"http:\/\/jlggb.net\/blog\/index.php?rest_route=\/wp\/v2\/posts"}],"about":[{"href":"http:\/\/jlggb.net\/blog\/index.php?rest_route=\/wp\/v2\/types\/post"}],"author":[{"embeddable":true,"href":"http:\/\/jlggb.net\/blog\/index.php?rest_route=\/wp\/v2\/users\/2"}],"replies":[{"embeddable":true,"href":"http:\/\/jlggb.net\/blog\/index.php?rest_route=%2Fwp%2Fv2%2Fcomments&post=3656"}],"version-history":[{"count":0,"href":"http:\/\/jlggb.net\/blog\/index.php?rest_route=\/wp\/v2\/posts\/3656\/revisions"}],"wp:attachment":[{"href":"http:\/\/jlggb.net\/blog\/index.php?rest_route=%2Fwp%2Fv2%2Fmedia&parent=3656"}],"wp:term":[{"taxonomy":"category","embeddable":true,"href":"http:\/\/jlggb.net\/blog\/index.php?rest_route=%2Fwp%2Fv2%2Fcategories&post=3656"},{"taxonomy":"post_tag","embeddable":true,"href":"http:\/\/jlggb.net\/blog\/index.php?rest_route=%2Fwp%2Fv2%2Ftags&post=3656"}],"curies":[{"name":"wp","href":"https:\/\/api.w.org\/{rel}","templated":true}]}}