{"id":3610,"date":"2009-06-05T22:52:04","date_gmt":"2009-06-05T21:52:04","guid":{"rendered":"http:\/\/jlggb.net\/blog\/?p=3610"},"modified":"2009-09-24T00:02:34","modified_gmt":"2009-09-23T23:02:34","slug":"la-decouverte-par-anticipation","status":"publish","type":"post","link":"http:\/\/jlggb.net\/blog\/?p=3610","title":{"rendered":"Le lien par anticipation"},"content":{"rendered":"<p style=\"text-align: center;\"><a href=\"http:\/\/jlggb.net\/blog\/wp-content\/uploads\/2009\/06\/plagiat-bayard.jpg\" data-rel=\"lightbox-image-0\" data-imagelightbox=\"0\" data-rl_title=\"\" data-rl_caption=\"\"><img loading=\"lazy\" decoding=\"async\" class=\"alignnone size-full wp-image-3612\" title=\"\" src=\"http:\/\/jlggb.net\/blog\/wp-content\/uploads\/2009\/06\/plagiat-bayard.jpg\" alt=\"plagiat-bayard\" width=\"140\" height=\"235\" srcset=\"http:\/\/jlggb.net\/blog\/wp-content\/uploads\/2009\/06\/plagiat-bayard.jpg 284w, http:\/\/jlggb.net\/blog\/wp-content\/uploads\/2009\/06\/plagiat-bayard-89x150.jpg 89w, http:\/\/jlggb.net\/blog\/wp-content\/uploads\/2009\/06\/plagiat-bayard-224x375.jpg 224w\" sizes=\"auto, (max-width: 140px) 100vw, 140px\" \/><\/a><br \/>\nPierre Bayard, <em>Le Plagiat par anticipation<\/em>, Minuit, 2009.<\/p>\n<p>Dans les billets du 9 janvier 2009&nbsp;: <a href=\"http:\/\/jlggb.net\/blog\/?p=1120\" target=\"_self\">\u00ab\u00a0Appel \u00e0 reconnaissance de forme\u00a0\u00bb<\/a>, puis du 1er f\u00e9vrier 2009&nbsp;: <a href=\"http:\/\/jlggb.net\/blog\/?p=1233\" target=\"_self\">\u00ab\u00a0Le mot Haken\u00a0\u00bb<\/a>, se formait l&rsquo;histoire de la recherche d&rsquo;identification d&rsquo;un objet (un porte-manteau) qui allait de Nice \u00e0 Berlin en passant par Paris. Or voil\u00e0 qu&rsquo;avec \u00ab\u00a0Le blog d&rsquo;avant le blog\u00a0\u00bb, petit coup de th\u00e9\u00e2tre, ce m\u00eame objet appara\u00eet, photographi\u00e9 dans les toilettes du Kunstmuseum de B\u00e2le, le 13 juillet 2005. On pourrait prendre cela pour une pr\u00e9monition, pour un int\u00e9r\u00eat inabouti ou pour une interpr\u00e9tation r\u00e9trospective. Compte tenu du succ\u00e8s de l&rsquo;enqu\u00eate (le porte-manteau a \u00e9t\u00e9 identifi\u00e9 comme produit de Lubeck Beschl\u00e4ge, Mommsenstra\u00dfe 4, 42289 Wuppertal) il faut parler de \u00ab d\u00e9couverte par anticipation \u00bb, \u00e0 la mani\u00e8re de Pierre Bayard qui a d\u00e9montr\u00e9 la n\u00e9cessit\u00e9 de la notion de \u00ab plagiat par anticipation \u00bb. Certes, la premi\u00e8re apparition du porte-manteau \u00e0 B\u00e2le, avant Nice, ne devait pas conduire \u00e0 une investigation particuli\u00e8re, mais elle n&rsquo;en constituait pas moins une \u00e9lection qui ne devait prendre tout son sens que trois ans et demi apr\u00e8s et m\u00e9riter alors le qualificatif\u00a0 d&rsquo;<em>anticipation<\/em>. Le manque qui s&rsquo;est exprim\u00e9 en janvier ne disposait-il pas, sans \u00e9veiller le moins du monde la conscience, d&rsquo;une satisfaction potentielle dans son lieu m\u00eame, ce blog\u00a0?<\/p>\n<p style=\"text-align: left;\">Les trois photographies ci-dessous, qui attendaient, attestent incontestablement une destination, doublement m\u00e9rit\u00e9e aujourd&rsquo;hui, qui leur \u00e9pargne le classement en \u00ab\u00a0blog d&rsquo;avant le blog\u00a0\u00bb. Une question se pose alors&nbsp;: faut-il, dans un blog bas\u00e9 sur la chronologie et les liens r\u00e9trospectifs, placer des \u00ab liens par anticipation \u00bb&nbsp;? Autrement dit, lier les billets <a href=\"http:\/\/jlggb.net\/blog\/?p=1120\" target=\"_self\">\u00ab\u00a0Appel \u00e0 reconnaissance de forme\u00a0\u00bb<\/a> et  <a href=\"http:\/\/jlggb.net\/blog\/?p=1233\" target=\"_self\">\u00ab\u00a0Le mot Haken\u00a0\u00bb<\/a> \u00e0 celui-ci.<\/p>\n<p style=\"text-align: left;\"><a href=\"http:\/\/jlggb.net\/blog\/wp-content\/uploads\/2009\/06\/bale-urinoirs.jpg\" data-rel=\"lightbox-image-1\" data-imagelightbox=\"1\" data-rl_title=\"\" data-rl_caption=\"\"><img loading=\"lazy\" decoding=\"async\" class=\"alignnone size-full wp-image-3613\" title=\"\" src=\"http:\/\/jlggb.net\/blog\/wp-content\/uploads\/2009\/06\/bale-urinoirs.jpg\" alt=\"bale-urinoirs\" width=\"640\" height=\"480\" \/><\/a><br \/>\n<a href=\"http:\/\/jlggb.net\/blog\/wp-content\/uploads\/2009\/06\/bale-wc.jpg\" data-rel=\"lightbox-image-2\" data-imagelightbox=\"2\" data-rl_title=\"\" data-rl_caption=\"\"><img loading=\"lazy\" decoding=\"async\" class=\"alignnone size-full wp-image-3614\" title=\"\" src=\"http:\/\/jlggb.net\/blog\/wp-content\/uploads\/2009\/06\/bale-wc.jpg\" alt=\"bale-wc\" width=\"640\" height=\"480\" \/><\/a><br \/>\n<a href=\"http:\/\/jlggb.net\/blog\/wp-content\/uploads\/2009\/06\/bale-patere.jpg\" data-rel=\"lightbox-image-3\" data-imagelightbox=\"3\" data-rl_title=\"\" data-rl_caption=\"\"><img loading=\"lazy\" decoding=\"async\" class=\"alignnone size-full wp-image-3615\" title=\"\" src=\"http:\/\/jlggb.net\/blog\/wp-content\/uploads\/2009\/06\/bale-patere.jpg\" alt=\"bale-patere\" width=\"640\" height=\"480\" \/><\/a><br \/>\nPerfection de la laque grise. Toilettes du Kunstmuseum de B\u00e2le, 13 juillet 2005 \u00e0 12h30.<\/p>\n<p style=\"text-align: center;\">\n<p style=\"text-align: center;\"><a href=\"http:\/\/jlggb.net\/blog\/wp-content\/uploads\/2009\/06\/hook_alu.jpg\" data-rel=\"lightbox-image-4\" data-imagelightbox=\"4\" data-rl_title=\"\" data-rl_caption=\"\"><img loading=\"lazy\" decoding=\"async\" class=\"alignnone size-thumbnail wp-image-3626\" title=\"\" src=\"http:\/\/jlggb.net\/blog\/wp-content\/uploads\/2009\/06\/hook_alu-200x150.jpg\" alt=\"hook_alu\" width=\"200\" height=\"150\" srcset=\"http:\/\/jlggb.net\/blog\/wp-content\/uploads\/2009\/06\/hook_alu-200x150.jpg 200w, http:\/\/jlggb.net\/blog\/wp-content\/uploads\/2009\/06\/hook_alu-500x375.jpg 500w, http:\/\/jlggb.net\/blog\/wp-content\/uploads\/2009\/06\/hook_alu.jpg 1024w\" sizes=\"auto, (max-width: 200px) 100vw, 200px\" \/><\/a><br \/>\n<a href=\"http:\/\/jlggb.net\/blog\/wp-content\/uploads\/2009\/06\/haken.jpg\" data-rel=\"lightbox-image-5\" data-imagelightbox=\"5\" data-rl_title=\"\" data-rl_caption=\"\"><img loading=\"lazy\" decoding=\"async\" class=\"alignnone size-thumbnail wp-image-3627\" title=\"\" src=\"http:\/\/jlggb.net\/blog\/wp-content\/uploads\/2009\/06\/haken-200x150.jpg\" alt=\"haken\" width=\"200\" height=\"150\" srcset=\"http:\/\/jlggb.net\/blog\/wp-content\/uploads\/2009\/06\/haken-200x150.jpg 200w, http:\/\/jlggb.net\/blog\/wp-content\/uploads\/2009\/06\/haken-500x375.jpg 500w, http:\/\/jlggb.net\/blog\/wp-content\/uploads\/2009\/06\/haken.jpg 1024w\" sizes=\"auto, (max-width: 200px) 100vw, 200px\" \/><br \/>\n<\/a>Pour m\u00e9moire, les exemplaires de Nice et de Berlin.<br \/>\nLes diff\u00e9rences sont des variantes de tailles du m\u00eame mod\u00e8le.<\/p>\n","protected":false},"excerpt":{"rendered":"<p>Pierre Bayard, Le Plagiat par anticipation, Minuit, 2009. Dans les billets du 9 janvier 2009&nbsp;: \u00ab\u00a0Appel \u00e0 reconnaissance de forme\u00a0\u00bb, puis du 1er f\u00e9vrier 2009&nbsp;: \u00ab\u00a0Le mot Haken\u00a0\u00bb, se formait l&rsquo;histoire de la recherche d&rsquo;identification d&rsquo;un objet (un porte-manteau) qui allait de Nice \u00e0 Berlin en passant par Paris. Or voil\u00e0 qu&rsquo;avec \u00ab\u00a0Le blog d&rsquo;avant &hellip; <a href=\"http:\/\/jlggb.net\/blog\/?p=3610\" class=\"more-link\">Continuer la lecture de <span class=\"screen-reader-text\">Le lien par anticipation<\/span><\/a><\/p>\n","protected":false},"author":2,"featured_media":0,"comment_status":"closed","ping_status":"closed","sticky":false,"template":"","format":"standard","meta":{"footnotes":""},"categories":[106,39,17,9,170,38],"tags":[495,78,496,252,497,260],"class_list":["post-3610","post","type-post","status-publish","format-standard","hentry","category-coincidence","category-collection","category-design","category-exposition","category-blog-davant-le-blog","category-objet","tag-bale","tag-berlin","tag-kunstmuseum-de-bale","tag-nice","tag-patere","tag-porte-manteau"],"_links":{"self":[{"href":"http:\/\/jlggb.net\/blog\/index.php?rest_route=\/wp\/v2\/posts\/3610","targetHints":{"allow":["GET"]}}],"collection":[{"href":"http:\/\/jlggb.net\/blog\/index.php?rest_route=\/wp\/v2\/posts"}],"about":[{"href":"http:\/\/jlggb.net\/blog\/index.php?rest_route=\/wp\/v2\/types\/post"}],"author":[{"embeddable":true,"href":"http:\/\/jlggb.net\/blog\/index.php?rest_route=\/wp\/v2\/users\/2"}],"replies":[{"embeddable":true,"href":"http:\/\/jlggb.net\/blog\/index.php?rest_route=%2Fwp%2Fv2%2Fcomments&post=3610"}],"version-history":[{"count":0,"href":"http:\/\/jlggb.net\/blog\/index.php?rest_route=\/wp\/v2\/posts\/3610\/revisions"}],"wp:attachment":[{"href":"http:\/\/jlggb.net\/blog\/index.php?rest_route=%2Fwp%2Fv2%2Fmedia&parent=3610"}],"wp:term":[{"taxonomy":"category","embeddable":true,"href":"http:\/\/jlggb.net\/blog\/index.php?rest_route=%2Fwp%2Fv2%2Fcategories&post=3610"},{"taxonomy":"post_tag","embeddable":true,"href":"http:\/\/jlggb.net\/blog\/index.php?rest_route=%2Fwp%2Fv2%2Ftags&post=3610"}],"curies":[{"name":"wp","href":"https:\/\/api.w.org\/{rel}","templated":true}]}}