{"id":3587,"date":"2009-06-02T23:59:16","date_gmt":"2009-06-02T22:59:16","guid":{"rendered":"http:\/\/jlggb.net\/blog\/?p=3587"},"modified":"2009-09-23T23:59:38","modified_gmt":"2009-09-23T22:59:38","slug":"le-bernascon","status":"publish","type":"post","link":"http:\/\/jlggb.net\/blog\/?p=3587","title":{"rendered":"Le Bernascon"},"content":{"rendered":"<p>Aix-les-Bains. <a href=\"http:\/\/www.patrimoine-aixlesbains.fr\/?page=fiches&amp;p=IA73001076\" target=\"_blank\">Le Bernascon, le plus grand des palaces<\/a> (350 chambres) que la transformation en r\u00e9sidence (1960) a sauv\u00e9, dans une certaine mesure. Premi\u00e8re pierre en 1897, ouverture en 1900, architecte J. Pin ain\u00e9.<\/p>\n<p><a href=\"http:\/\/jlggb.net\/blog\/wp-content\/uploads\/2009\/06\/le-bernascon-02-06-2009.jpg\" data-rel=\"lightbox-image-0\" data-imagelightbox=\"0\" data-rl_title=\"\" data-rl_caption=\"\"><img loading=\"lazy\" decoding=\"async\" class=\"alignnone size-full wp-image-3589\" title=\"\" src=\"http:\/\/jlggb.net\/blog\/wp-content\/uploads\/2009\/06\/le-bernascon-02-06-2009.jpg\" alt=\"le-bernascon-02-06-2009\" width=\"640\" height=\"479\" srcset=\"http:\/\/jlggb.net\/blog\/wp-content\/uploads\/2009\/06\/le-bernascon-02-06-2009.jpg 1280w, http:\/\/jlggb.net\/blog\/wp-content\/uploads\/2009\/06\/le-bernascon-02-06-2009-200x150.jpg 200w, http:\/\/jlggb.net\/blog\/wp-content\/uploads\/2009\/06\/le-bernascon-02-06-2009-500x375.jpg 500w, http:\/\/jlggb.net\/blog\/wp-content\/uploads\/2009\/06\/le-bernascon-02-06-2009-1024x768.jpg 1024w\" sizes=\"auto, (max-width: 640px) 100vw, 640px\" \/><\/a><br \/>\nMardi 2 juin 2009, 16h30. Le grand escalier et l&rsquo;ascenseur sont trait\u00e9s comme une seule entit\u00e9.<\/p>\n<p><a href=\"http:\/\/jlggb.net\/blog\/wp-content\/uploads\/2009\/06\/le-bernascon-hall-02-06-2009.jpg\" data-rel=\"lightbox-image-1\" data-imagelightbox=\"1\" data-rl_title=\"\" data-rl_caption=\"\"><img loading=\"lazy\" decoding=\"async\" class=\"alignnone size-full wp-image-3590\" title=\"\" src=\"http:\/\/jlggb.net\/blog\/wp-content\/uploads\/2009\/06\/le-bernascon-hall-02-06-2009.jpg\" alt=\"le-bernascon-hall-02-06-2009\" width=\"640\" height=\"480\" srcset=\"http:\/\/jlggb.net\/blog\/wp-content\/uploads\/2009\/06\/le-bernascon-hall-02-06-2009.jpg 1280w, http:\/\/jlggb.net\/blog\/wp-content\/uploads\/2009\/06\/le-bernascon-hall-02-06-2009-200x150.jpg 200w, http:\/\/jlggb.net\/blog\/wp-content\/uploads\/2009\/06\/le-bernascon-hall-02-06-2009-500x375.jpg 500w, http:\/\/jlggb.net\/blog\/wp-content\/uploads\/2009\/06\/le-bernascon-hall-02-06-2009-1024x768.jpg 1024w\" sizes=\"auto, (max-width: 640px) 100vw, 640px\" \/><\/a><br \/>\nMardi 2 juin 2009, 16h30. Le hall vu depuis les portes des terrasses.<\/p>\n<p><a href=\"http:\/\/jlggb.net\/blog\/wp-content\/uploads\/2009\/06\/le-bernascon-plaque-02-06-2009.jpg\" data-rel=\"lightbox-image-2\" data-imagelightbox=\"2\" data-rl_title=\"\" data-rl_caption=\"\"><img loading=\"lazy\" decoding=\"async\" class=\"alignnone size-full wp-image-3591\" title=\"\" src=\"http:\/\/jlggb.net\/blog\/wp-content\/uploads\/2009\/06\/le-bernascon-plaque-02-06-2009.jpg\" alt=\"le-bernascon-plaque-02-06-2009\" width=\"640\" height=\"478\" \/><\/a><br \/>\nMardi 2 juin 2009, 16h30. La premi\u00e8re pierre, sous la galerie du rez-de-chauss\u00e9e.<\/p>\n<p style=\"text-align: center;\"><a href=\"http:\/\/jlggb.net\/blog\/wp-content\/uploads\/2009\/06\/1erepierre-bernascon-1897.jpg\" data-rel=\"lightbox-image-3\" data-imagelightbox=\"3\" data-rl_title=\"\" data-rl_caption=\"\"><img loading=\"lazy\" decoding=\"async\" class=\"alignnone size-full wp-image-3592\" title=\"\" src=\"http:\/\/jlggb.net\/blog\/wp-content\/uploads\/2009\/06\/1erepierre-bernascon-1897.jpg\" alt=\"1erepierre-bernascon-1897\" width=\"200\" height=\"148\" srcset=\"http:\/\/jlggb.net\/blog\/wp-content\/uploads\/2009\/06\/1erepierre-bernascon-1897.jpg 689w, http:\/\/jlggb.net\/blog\/wp-content\/uploads\/2009\/06\/1erepierre-bernascon-1897-200x148.jpg 200w, http:\/\/jlggb.net\/blog\/wp-content\/uploads\/2009\/06\/1erepierre-bernascon-1897-500x371.jpg 500w\" sizes=\"auto, (max-width: 200px) 100vw, 200px\" \/><\/a><br \/>\nPose de la premi\u00e8re pierre de l&rsquo;h\u00f4tel Bernascon, le 24 mai 1897.<br \/>\nPhoto <a href=\"http:\/\/www.patrimoine-aixlesbains.fr\/?page=fiches&amp;p=Ill-08_73_0251_NUCB\" target=\"_blank\">Service R\u00e9gional de l&rsquo;Inventaire de Rh\u00f4ne-Alpes<\/a>.<\/p>\n","protected":false},"excerpt":{"rendered":"<p>Aix-les-Bains. Le Bernascon, le plus grand des palaces (350 chambres) que la transformation en r\u00e9sidence (1960) a sauv\u00e9, dans une certaine mesure. Premi\u00e8re pierre en 1897, ouverture en 1900, architecte J. Pin ain\u00e9. Mardi 2 juin 2009, 16h30. Le grand escalier et l&rsquo;ascenseur sont trait\u00e9s comme une seule entit\u00e9. Mardi 2 juin 2009, 16h30. Le &hellip; <a href=\"http:\/\/jlggb.net\/blog\/?p=3587\" class=\"more-link\">Continuer la lecture de <span class=\"screen-reader-text\">Le Bernascon<\/span><\/a><\/p>\n","protected":false},"author":2,"featured_media":0,"comment_status":"closed","ping_status":"closed","sticky":false,"template":"","format":"standard","meta":{"footnotes":""},"categories":[18,181,46,13],"tags":[57,493,492],"class_list":["post-3587","post","type-post","status-publish","format-standard","hentry","category-architecture","category-escalier","category-monument","category-visite","tag-aix-les-bains","tag-ascenseur","tag-le-bernascon"],"_links":{"self":[{"href":"http:\/\/jlggb.net\/blog\/index.php?rest_route=\/wp\/v2\/posts\/3587","targetHints":{"allow":["GET"]}}],"collection":[{"href":"http:\/\/jlggb.net\/blog\/index.php?rest_route=\/wp\/v2\/posts"}],"about":[{"href":"http:\/\/jlggb.net\/blog\/index.php?rest_route=\/wp\/v2\/types\/post"}],"author":[{"embeddable":true,"href":"http:\/\/jlggb.net\/blog\/index.php?rest_route=\/wp\/v2\/users\/2"}],"replies":[{"embeddable":true,"href":"http:\/\/jlggb.net\/blog\/index.php?rest_route=%2Fwp%2Fv2%2Fcomments&post=3587"}],"version-history":[{"count":0,"href":"http:\/\/jlggb.net\/blog\/index.php?rest_route=\/wp\/v2\/posts\/3587\/revisions"}],"wp:attachment":[{"href":"http:\/\/jlggb.net\/blog\/index.php?rest_route=%2Fwp%2Fv2%2Fmedia&parent=3587"}],"wp:term":[{"taxonomy":"category","embeddable":true,"href":"http:\/\/jlggb.net\/blog\/index.php?rest_route=%2Fwp%2Fv2%2Fcategories&post=3587"},{"taxonomy":"post_tag","embeddable":true,"href":"http:\/\/jlggb.net\/blog\/index.php?rest_route=%2Fwp%2Fv2%2Ftags&post=3587"}],"curies":[{"name":"wp","href":"https:\/\/api.w.org\/{rel}","templated":true}]}}