{"id":357,"date":"2008-05-16T12:30:56","date_gmt":"2008-05-16T10:30:56","guid":{"rendered":"http:\/\/jlggb.net\/blog\/?p=357"},"modified":"2024-09-22T00:42:13","modified_gmt":"2024-09-21T22:42:13","slug":"details-darchitecture-remarques-aix-les-bains","status":"publish","type":"post","link":"http:\/\/jlggb.net\/blog\/?p=357","title":{"rendered":"D\u00e9tails int\u00e9ressants (2. Aix-les-bains)"},"content":{"rendered":"<p><a title=\"\" href=\"http:\/\/jlggb.net\/blog\/wp-content\/uploads\/2008\/06\/immeuble_savoy.jpg\" data-rel=\"lightbox-image-0\" data-imagelightbox=\"0\" data-rl_title=\"\" data-rl_caption=\"\"><img loading=\"lazy\" decoding=\"async\" src=\"http:\/\/jlggb.net\/blog\/wp-content\/uploads\/2008\/06\/immeuble_savoy.jpg\" alt=\"immeuble_savoy.jpg\" width=\"640\" height=\"480\" \/><\/a><br \/>\n<a title=\"\" href=\"http:\/\/jlggb.net\/blog\/wp-content\/uploads\/2008\/06\/immeuble_gres_2008.jpg\" data-rel=\"lightbox-image-1\" data-imagelightbox=\"1\" data-rl_title=\"\" data-rl_caption=\"\"><img loading=\"lazy\" decoding=\"async\" src=\"http:\/\/jlggb.net\/blog\/wp-content\/uploads\/2008\/06\/immeuble_gres_2008.jpg\" alt=\"immeuble_gres_2008.jpg\" width=\"640\" height=\"480\" \/><\/a><br \/>\n<a title=\"\" href=\"http:\/\/jlggb.net\/blog\/wp-content\/uploads\/2008\/06\/immeuble_caravelle_2008.jpg\" data-rel=\"lightbox-image-2\" data-imagelightbox=\"2\" data-rl_title=\"\" data-rl_caption=\"\"><img loading=\"lazy\" decoding=\"async\" src=\"http:\/\/jlggb.net\/blog\/wp-content\/uploads\/2008\/06\/immeuble_caravelle_2008.jpg\" alt=\"immeuble_caravelle_2008.jpg\" width=\"640\" height=\"480\" \/><\/a><br \/>\nAix-les-bains, 16 mai 2008, 12h30. Avenue Victoria, Immeuble Savoy. Rue du Temple, Immeuble Le Caravelle.<\/p>\n<p><a title=\"\" href=\"http:\/\/jlggb.net\/blog\/wp-content\/uploads\/2008\/06\/le-majestic_2008.jpg\" data-rel=\"lightbox-image-3\" data-imagelightbox=\"3\" data-rl_title=\"\" data-rl_caption=\"\"><img loading=\"lazy\" decoding=\"async\" src=\"http:\/\/jlggb.net\/blog\/wp-content\/uploads\/2008\/06\/le-majestic_2008.jpg\" alt=\"le-majestic_2008.jpg\" width=\"640\" height=\"480\" \/><\/a><br \/>\nAix-les-bains, 18 mai 2008, 12h00. Immeuble Le Majestic, \u00e0 l&rsquo;angle de la rue de Chamb\u00e9ry et de la rue Isaline.<br \/>\nCe qu&rsquo;en dit l&rsquo;<a href=\"http:\/\/www.patrimoine-aixlesbains.fr\/?page=fiches&amp;p=IA73001493\" target=\"_blank\" rel=\"noopener\">Inventaire g\u00e9n\u00e9ral du patrimoine culturel<\/a>&nbsp;:<br \/>\nL&rsquo;immeuble a \u00e9t\u00e9 construit \u00e0 l&#8217;emplacement d&rsquo;un garage de r\u00e9parations automobiles d\u00e9truit entre 1964 et 1970. D\u00e8s 1964, Albert Bichet, propri\u00e9taire du garage, d\u00e9pose un permis de construire pour un immeuble en copropri\u00e9t\u00e9, patronn\u00e9 par la soci\u00e9t\u00e9 SOCOMO. Le permis est accord\u00e9 mais le projet n\u00b4aboutit pas. En 1967, le cabinet d\u00b4Etude esth\u00e9tique et fonctionnelle du B\u00e2timent, de l&rsquo;architecte Gilbert Duranton fait la demande d\u00b4un permis de construire pour cr\u00e9er l\u00b4H\u00f4tel-Motel des nouveaux Thermes, comprenant un h\u00f4tel, des studios et une station-service au rez-de-chauss\u00e9e. Le projet est abandonn\u00e9 et un nouveau permis, toujours pour la construction d&rsquo;un h\u00f4tel, est d\u00e9pos\u00e9 en 1968. Mais, contrairement au permis de construire accord\u00e9, c&rsquo;est un immeuble, le Majestic, que la soci\u00e9t\u00e9 D\u00e9glise et Cie commercialise \u00e0 partir de 1970. La date du d\u00e9but de la construction n&rsquo;est pas connue. Quelques modifications sont apport\u00e9es au projet initial en 1977, notamment l&rsquo;adjonction de pilotis en b\u00e9ton sur les c\u00f4t\u00e9s du b\u00e2timent ouest et une trav\u00e9e sur le b\u00e2timent est, puis en 1978, la cr\u00e9ation de studios, sur les plans du cabinet d\u00b4architecture de Jacques Tessier, \u00e0 l&#8217;emplacement pr\u00e9vu pour la station-service.<\/p><\/blockquote>\n","protected":false},"excerpt":{"rendered":"<p>Aix-les-bains, 16 mai 2008, 12h30. Avenue Victoria, Immeuble Savoy. Rue du Temple, Immeuble Le Caravelle. Aix-les-bains, 18 mai 2008, 12h00. Immeuble Le Majestic, \u00e0 l&rsquo;angle de la rue de Chamb\u00e9ry et de la rue Isaline. Ce qu&rsquo;en dit l&rsquo;Inventaire g\u00e9n\u00e9ral du patrimoine culturel&nbsp;: L&rsquo;immeuble a \u00e9t\u00e9 construit \u00e0 l&#8217;emplacement d&rsquo;un garage de r\u00e9parations automobiles d\u00e9truit &hellip; <a href=\"http:\/\/jlggb.net\/blog\/?p=357\" class=\"more-link\">Continuer la lecture de <span class=\"screen-reader-text\">D\u00e9tails int\u00e9ressants (2. Aix-les-bains)<\/span><\/a><\/p>\n","protected":false},"author":2,"featured_media":0,"comment_status":"closed","ping_status":"closed","sticky":false,"template":"","format":"standard","meta":{"footnotes":""},"categories":[18,51,17,134],"tags":[57,119,829,118],"class_list":["post-357","post","type-post","status-publish","format-standard","hentry","category-architecture","category-couleur","category-design","category-detail","tag-aix-les-bains","tag-annees-5060","tag-architecture","tag-decoration"],"_links":{"self":[{"href":"http:\/\/jlggb.net\/blog\/index.php?rest_route=\/wp\/v2\/posts\/357","targetHints":{"allow":["GET"]}}],"collection":[{"href":"http:\/\/jlggb.net\/blog\/index.php?rest_route=\/wp\/v2\/posts"}],"about":[{"href":"http:\/\/jlggb.net\/blog\/index.php?rest_route=\/wp\/v2\/types\/post"}],"author":[{"embeddable":true,"href":"http:\/\/jlggb.net\/blog\/index.php?rest_route=\/wp\/v2\/users\/2"}],"replies":[{"embeddable":true,"href":"http:\/\/jlggb.net\/blog\/index.php?rest_route=%2Fwp%2Fv2%2Fcomments&post=357"}],"version-history":[{"count":1,"href":"http:\/\/jlggb.net\/blog\/index.php?rest_route=\/wp\/v2\/posts\/357\/revisions"}],"predecessor-version":[{"id":8001,"href":"http:\/\/jlggb.net\/blog\/index.php?rest_route=\/wp\/v2\/posts\/357\/revisions\/8001"}],"wp:attachment":[{"href":"http:\/\/jlggb.net\/blog\/index.php?rest_route=%2Fwp%2Fv2%2Fmedia&parent=357"}],"wp:term":[{"taxonomy":"category","embeddable":true,"href":"http:\/\/jlggb.net\/blog\/index.php?rest_route=%2Fwp%2Fv2%2Fcategories&post=357"},{"taxonomy":"post_tag","embeddable":true,"href":"http:\/\/jlggb.net\/blog\/index.php?rest_route=%2Fwp%2Fv2%2Ftags&post=357"}],"curies":[{"name":"wp","href":"https:\/\/api.w.org\/{rel}","templated":true}]}}