{"id":333,"date":"2008-03-21T08:00:03","date_gmt":"2008-03-21T06:00:03","guid":{"rendered":"http:\/\/jlggb.net\/blog\/?p=333"},"modified":"2018-02-01T12:05:40","modified_gmt":"2018-02-01T10:05:40","slug":"21-mars-1968","status":"publish","type":"post","link":"http:\/\/jlggb.net\/blog\/?p=333","title":{"rendered":"21 mars 1968"},"content":{"rendered":"<p><a href=\"http:\/\/jlggb.net\/blog\/wp-content\/uploads\/2008\/03\/21_03_1968_affiche_langlois_grenoble.jpg\" data-rel=\"lightbox-image-0\" data-imagelightbox=\"0\" data-rl_title=\"\" data-rl_caption=\"\" title=\"\"><img loading=\"lazy\" decoding=\"async\" class=\"alignnone wp-image-7436\" src=\"http:\/\/jlggb.net\/blog\/wp-content\/uploads\/2008\/03\/21_03_1968_affiche_langlois_grenoble.jpg\" alt=\"21_03_1968_affiche_langlois_grenoble\" width=\"640\" height=\"434\" srcset=\"http:\/\/jlggb.net\/blog\/wp-content\/uploads\/2008\/03\/21_03_1968_affiche_langlois_grenoble.jpg 2667w, http:\/\/jlggb.net\/blog\/wp-content\/uploads\/2008\/03\/21_03_1968_affiche_langlois_grenoble-200x136.jpg 200w, http:\/\/jlggb.net\/blog\/wp-content\/uploads\/2008\/03\/21_03_1968_affiche_langlois_grenoble-500x339.jpg 500w, http:\/\/jlggb.net\/blog\/wp-content\/uploads\/2008\/03\/21_03_1968_affiche_langlois_grenoble-1024x694.jpg 1024w, http:\/\/jlggb.net\/blog\/wp-content\/uploads\/2008\/03\/21_03_1968_affiche_langlois_grenoble-150x102.jpg 150w\" sizes=\"auto, (max-width: 640px) 100vw, 640px\" \/><\/a><br \/>\n\u00ab L&rsquo;Affaire Langlois, Grenoble, 21 mars 1968 \u00bb, affiche, 36&#215;54 cm, impression offset, bichromie.<\/p>\n<p>Le 21 mars 1968, se tient \u00e0 Grenoble, au cin\u00e9ma Le Rex, une \u00ab&nbsp;R\u00e9union d&rsquo;information sur l&rsquo;affaire Langlois&nbsp;\u00bb. De nombreux cin\u00e9astes et acteurs viennent \u00e0 la tribune (Fran\u00e7ois Truffaut, Claude Chabrol, Claude Lelouch, Marie Dubois, Michel Simon, etc.). Cette manifestation est organis\u00e9e notamment par les Amis de la Cin\u00e9math\u00e8que de Grenoble (une antenne de la Cin\u00e9math\u00e8que fran\u00e7aise qui organise, depuis plusieurs ann\u00e9es, plusieurs projections par semaine), le Cin\u00e9-club universitaire de Grenoble (avec notamment Jonny Ebstein, Alain Bouverot, Michel Warren). L&rsquo;affiche est sign\u00e9e Boissier + Boucher. Elle est imprim\u00e9e \u00e0 l&rsquo;Association g\u00e9n\u00e9rale des \u00e9tudiants de Grenoble.<\/p>\n<p style=\"text-align: center;\"><img loading=\"lazy\" decoding=\"async\" src=\"http:\/\/jlggb.net\/blog\/wp-content\/uploads\/2008\/06\/pierre_moinot.jpg\" alt=\"pierre_moinot.jpg\" width=\"128\" height=\"142\" \/><\/p>\n<p style=\"text-align: center;\">Pierre Moinot (1920-2007)<\/p>\n<p>Note pour la dialectique de l&rsquo;histoire&nbsp;: l&rsquo;affaire est men\u00e9e au minist\u00e8re de la culture par Pierre Moinot (directeur des arts et des lettres), lui m\u00eame acteur central de la cr\u00e9ation des maisons de la culture. Le poste de graphiste-imprimeur-photographe \u00e0 la Maison de la culture de Grenoble, occup\u00e9 \u00e0 ce moment l\u00e0 et jusqu&rsquo;en juillet 1968, lui est donc indirectement d\u00fb. Quinze ann\u00e9es plus tard commencera une collaboration avec Martine Moinot au Centre Pompidou (<em>Les Immat\u00e9riaux<\/em>, \u00ab Les Chemins du virtuel \u00bb, <em>La Revue virtuelle<\/em>) et l&rsquo;on rencontrera ce fils d&rsquo;instituteurs, r\u00e9sistant, haut fonctionnaire, militant de la culture et des droits de l&rsquo;homme, \u00e9crivain, acad\u00e9micien.<\/p>\n<p style=\"text-align: center;\">\n","protected":false},"excerpt":{"rendered":"<p>\u00ab L&rsquo;Affaire Langlois, Grenoble, 21 mars 1968 \u00bb, affiche, 36&#215;54 cm, impression offset, bichromie. Le 21 mars 1968, se tient \u00e0 Grenoble, au cin\u00e9ma Le Rex, une \u00ab&nbsp;R\u00e9union d&rsquo;information sur l&rsquo;affaire Langlois&nbsp;\u00bb. De nombreux cin\u00e9astes et acteurs viennent \u00e0 la tribune (Fran\u00e7ois Truffaut, Claude Chabrol, Claude Lelouch, Marie Dubois, Michel Simon, etc.). Cette manifestation est &hellip; <a href=\"http:\/\/jlggb.net\/blog\/?p=333\" class=\"more-link\">Continuer la lecture de <span class=\"screen-reader-text\">21 mars 1968<\/span><\/a><\/p>\n","protected":false},"author":2,"featured_media":0,"comment_status":"open","ping_status":"closed","sticky":false,"template":"","format":"standard","meta":{"footnotes":""},"categories":[51,17,11,46],"tags":[111,108,109,110],"class_list":["post-333","post","type-post","status-publish","format-standard","hentry","category-couleur","category-design","category-langage","category-monument","tag-111","tag-cinematheque-francaise","tag-grenoble","tag-langlois"],"_links":{"self":[{"href":"http:\/\/jlggb.net\/blog\/index.php?rest_route=\/wp\/v2\/posts\/333","targetHints":{"allow":["GET"]}}],"collection":[{"href":"http:\/\/jlggb.net\/blog\/index.php?rest_route=\/wp\/v2\/posts"}],"about":[{"href":"http:\/\/jlggb.net\/blog\/index.php?rest_route=\/wp\/v2\/types\/post"}],"author":[{"embeddable":true,"href":"http:\/\/jlggb.net\/blog\/index.php?rest_route=\/wp\/v2\/users\/2"}],"replies":[{"embeddable":true,"href":"http:\/\/jlggb.net\/blog\/index.php?rest_route=%2Fwp%2Fv2%2Fcomments&post=333"}],"version-history":[{"count":5,"href":"http:\/\/jlggb.net\/blog\/index.php?rest_route=\/wp\/v2\/posts\/333\/revisions"}],"predecessor-version":[{"id":7495,"href":"http:\/\/jlggb.net\/blog\/index.php?rest_route=\/wp\/v2\/posts\/333\/revisions\/7495"}],"wp:attachment":[{"href":"http:\/\/jlggb.net\/blog\/index.php?rest_route=%2Fwp%2Fv2%2Fmedia&parent=333"}],"wp:term":[{"taxonomy":"category","embeddable":true,"href":"http:\/\/jlggb.net\/blog\/index.php?rest_route=%2Fwp%2Fv2%2Fcategories&post=333"},{"taxonomy":"post_tag","embeddable":true,"href":"http:\/\/jlggb.net\/blog\/index.php?rest_route=%2Fwp%2Fv2%2Ftags&post=333"}],"curies":[{"name":"wp","href":"https:\/\/api.w.org\/{rel}","templated":true}]}}