{"id":331,"date":"2008-05-31T10:00:44","date_gmt":"2008-05-31T08:00:44","guid":{"rendered":"http:\/\/jlggb.net\/blog\/?p=331"},"modified":"2009-10-23T02:38:54","modified_gmt":"2009-10-23T01:38:54","slug":"de-mai-a-juin","status":"publish","type":"post","link":"http:\/\/jlggb.net\/blog\/?p=331","title":{"rendered":"Pour passer de mai \u00e0 juin"},"content":{"rendered":"<p><a href=\"http:\/\/jlggb.net\/blog\/wp-content\/uploads\/2008\/05\/grenoble_mai-1968.jpg\" data-rel=\"lightbox-image-0\" data-imagelightbox=\"0\" data-rl_title=\"\" data-rl_caption=\"\"><img loading=\"lazy\" decoding=\"async\" class=\"alignnone size-full wp-image-5760\" title=\"\" src=\"http:\/\/jlggb.net\/blog\/wp-content\/uploads\/2008\/05\/grenoble_mai-1968.jpg\" alt=\"grenoble_mai-1968\" width=\"540\" height=\"720\" srcset=\"http:\/\/jlggb.net\/blog\/wp-content\/uploads\/2008\/05\/grenoble_mai-1968.jpg 768w, http:\/\/jlggb.net\/blog\/wp-content\/uploads\/2008\/05\/grenoble_mai-1968-112x150.jpg 112w, http:\/\/jlggb.net\/blog\/wp-content\/uploads\/2008\/05\/grenoble_mai-1968-281x375.jpg 281w\" sizes=\"auto, (max-width: 540px) 100vw, 540px\" \/><\/a><br \/>\nNon sign\u00e9 (J.-L.B. + B.D.), papier affiche blanc, 65 x 100, s\u00e9rigraphie en 3 couleurs, Grenoble, Maison de la culture en gr\u00e8ve et occup\u00e9e par son personnel, fin mai 1968.<\/p>\n<p>\u00c0 la fin du mois de mai 1968, la position de graphiste-imprimeur \u00e0 la Maison de la culture de Grenoble et la complicit\u00e9 d\u2019un ami (Bernard D., aujourd\u2019hui psychiatre militant) permettent de mettre en action le mat\u00e9riel de s\u00e9rigraphie dont l\u2019\u00e9tablissement vient de s\u2019\u00e9quiper sur la proposition de Jean-Louis B., sc\u00e9nographe et graphiste (la Maison de la culture de Grenoble a \u00e9t\u00e9 inaugur\u00e9e en janvier 1968 par Andr\u00e9 Malraux). Sont achet\u00e9es, de la \u00ab soie \u00bb (taffetas de Tergal), des encres et de la g\u00e9latine photosensible. Deux maquettes sont con\u00e7ues en utilisant le report photographique (technique rare \u00e0 ce moment l\u00e0, parce que r\u00e9serv\u00e9e aux imprimeries professionnelles tr\u00e8s sp\u00e9cialis\u00e9es, dont par exemple l\u2019Imprimerie Noblet \u00e0 Grenoble, r\u00e9put\u00e9e pr\u00e9cis\u00e9ment pour ses affiches en s\u00e9rigraphie).<\/p>\n<p>L\u2019hebdomadaire <em>L\u2019Express<\/em> vient de publier la photo remarqu\u00e9e \u2014 parce que comique et caricaturale \u2014 d\u2019un cordon de CRS. On voit dans la ville, sur les panneaux d\u2019affichage 320 x 240, l\u2019affiche du parti gaulliste en forme de drapeau tricolore avec, en son centre et donc sur fond blanc, la photographie en noir et blanc d\u2019une foule. L&rsquo;affiche reproduite ici est destin\u00e9e \u00e0 venir en surcharge de cette tr\u00e8s grande affiche&nbsp;: les bandes du drapeau sont horizontales, les policiers occupent le blanc, le bleu est exag\u00e9r\u00e9ment bleu roi, le rouge tr\u00e8s vif. L\u2019affiche est tir\u00e9e \u00e0 deux en quelques dizaines d\u2019exemplaires (par la m\u00eame occasion, la technique de la s\u00e9rigraphie est apprise, elle sera utilis\u00e9e les ann\u00e9es suivantes pour des cours \u00e0 Vincennes) et quelques exemplaires seulement sont coll\u00e9s. Plus tard, en juillet, des Parisiens venus en \u00ab universit\u00e9 d\u2019\u00e9t\u00e9 \u00bb d&rsquo;un groupuscule sur le Campus de Saint-Martin d\u2019H\u00e8res, vont reprendre la maquette mais en la d\u00e9naturant par des inscriptions ayant trait au 14 juillet (c\u2019est cette affiche qui a \u00e9t\u00e9 reproduite dans un l\u2019ouvrage de Vasco Gasquet sur les affiches de 68, dans l\u2019\u00e9dition de 1978 comme dans celle de 2008).<\/p>\n<p style=\"text-align: center;\"><a href=\"http:\/\/jlggb.net\/blog\/wp-content\/uploads\/2008\/05\/mai_68_grenoble.jpg\" data-rel=\"lightbox-image-1\" data-imagelightbox=\"1\" data-rl_title=\"\" data-rl_caption=\"\"><img loading=\"lazy\" decoding=\"async\" class=\"alignnone size-full wp-image-1765\" title=\"\" src=\"http:\/\/jlggb.net\/blog\/wp-content\/uploads\/2008\/05\/mai_68_grenoble.jpg\" alt=\"mai_68_grenoble\" width=\"200\" height=\"139\" srcset=\"http:\/\/jlggb.net\/blog\/wp-content\/uploads\/2008\/05\/mai_68_grenoble.jpg 299w, http:\/\/jlggb.net\/blog\/wp-content\/uploads\/2008\/05\/mai_68_grenoble-200x139.jpg 200w\" sizes=\"auto, (max-width: 200px) 100vw, 200px\" \/><\/a><\/p>\n<p style=\"text-align: center;\">Grenoble, le 9 mai 1968 (Photo trouv\u00e9e sur Internet).<\/p>\n","protected":false},"excerpt":{"rendered":"<p>Non sign\u00e9 (J.-L.B. + B.D.), papier affiche blanc, 65 x 100, s\u00e9rigraphie en 3 couleurs, Grenoble, Maison de la culture en gr\u00e8ve et occup\u00e9e par son personnel, fin mai 1968. \u00c0 la fin du mois de mai 1968, la position de graphiste-imprimeur \u00e0 la Maison de la culture de Grenoble et la complicit\u00e9 d\u2019un ami &hellip; <a href=\"http:\/\/jlggb.net\/blog\/?p=331\" class=\"more-link\">Continuer la lecture de <span class=\"screen-reader-text\">Pour passer de mai \u00e0 juin<\/span><\/a><\/p>\n","protected":false},"author":2,"featured_media":0,"comment_status":"closed","ping_status":"closed","sticky":false,"template":"","format":"standard","meta":{"footnotes":""},"categories":[39,51,46],"tags":[112,109,113,114],"class_list":["post-331","post","type-post","status-publish","format-standard","hentry","category-collection","category-couleur","category-monument","tag-affiche","tag-grenoble","tag-mai-1968","tag-serigraphie"],"_links":{"self":[{"href":"http:\/\/jlggb.net\/blog\/index.php?rest_route=\/wp\/v2\/posts\/331","targetHints":{"allow":["GET"]}}],"collection":[{"href":"http:\/\/jlggb.net\/blog\/index.php?rest_route=\/wp\/v2\/posts"}],"about":[{"href":"http:\/\/jlggb.net\/blog\/index.php?rest_route=\/wp\/v2\/types\/post"}],"author":[{"embeddable":true,"href":"http:\/\/jlggb.net\/blog\/index.php?rest_route=\/wp\/v2\/users\/2"}],"replies":[{"embeddable":true,"href":"http:\/\/jlggb.net\/blog\/index.php?rest_route=%2Fwp%2Fv2%2Fcomments&post=331"}],"version-history":[{"count":0,"href":"http:\/\/jlggb.net\/blog\/index.php?rest_route=\/wp\/v2\/posts\/331\/revisions"}],"wp:attachment":[{"href":"http:\/\/jlggb.net\/blog\/index.php?rest_route=%2Fwp%2Fv2%2Fmedia&parent=331"}],"wp:term":[{"taxonomy":"category","embeddable":true,"href":"http:\/\/jlggb.net\/blog\/index.php?rest_route=%2Fwp%2Fv2%2Fcategories&post=331"},{"taxonomy":"post_tag","embeddable":true,"href":"http:\/\/jlggb.net\/blog\/index.php?rest_route=%2Fwp%2Fv2%2Ftags&post=331"}],"curies":[{"name":"wp","href":"https:\/\/api.w.org\/{rel}","templated":true}]}}