{"id":326,"date":"2008-05-29T21:00:52","date_gmt":"2008-05-29T21:00:52","guid":{"rendered":"http:\/\/jlggb.net\/blog\/?p=326"},"modified":"2010-02-14T23:30:12","modified_gmt":"2010-02-14T23:30:12","slug":"last-manoeuvres-in-the-dark","status":"publish","type":"post","link":"http:\/\/jlggb.net\/blog\/?p=326","title":{"rendered":"Last manoeuvres in the dark"},"content":{"rendered":"<p>Jeudi 29 mai 2008, Palais de Tokyo, vernissage de \u00ab Superdome \u00bb&nbsp;: installation de Fabien Giraud et Rapha\u00ebl Siboni, <a href=\"http:\/\/www.palaisdetokyo.com\/fo3\/low\/programme\/index.php?page=nav.inc.php&amp;id_eve=2117&amp;session=36\" target=\"_blank\"><em>Last manoeuvres in the dark<\/em><\/a>.<\/p>\n<p><a title=\"\" href=\"http:\/\/jlggb.net\/blog\/wp-content\/uploads\/2008\/06\/last-manoeuvres-in-the-dark_0.jpg\" data-rel=\"lightbox-image-0\" data-imagelightbox=\"0\" data-rl_title=\"\" data-rl_caption=\"\"><img loading=\"lazy\" decoding=\"async\" src=\"http:\/\/jlggb.net\/blog\/wp-content\/uploads\/2008\/06\/last-manoeuvres-in-the-dark_0.jpg\" alt=\"last-manoeuvres-in-the-dark_0.jpg\" width=\"640\" height=\"480\" \/><\/a><br \/>\n<a title=\"\" href=\"http:\/\/jlggb.net\/blog\/wp-content\/uploads\/2008\/06\/last-manoeuvres-in-the-dark_1.jpg\" data-rel=\"lightbox-image-1\" data-imagelightbox=\"1\" data-rl_title=\"\" data-rl_caption=\"\"><img loading=\"lazy\" decoding=\"async\" src=\"http:\/\/jlggb.net\/blog\/wp-content\/uploads\/2008\/06\/last-manoeuvres-in-the-dark_1.jpg\" alt=\"last-manoeuvres-in-the-dark_1.jpg\" width=\"640\" height=\"480\" \/><\/a><br \/>\n<a title=\"\" href=\"http:\/\/jlggb.net\/blog\/wp-content\/uploads\/2008\/06\/last-manoeuvres-in-the-dark_2.jpg\" data-rel=\"lightbox-image-2\" data-imagelightbox=\"2\" data-rl_title=\"\" data-rl_caption=\"\"><img loading=\"lazy\" decoding=\"async\" src=\"http:\/\/jlggb.net\/blog\/wp-content\/uploads\/2008\/06\/last-manoeuvres-in-the-dark_2.jpg\" alt=\"last-manoeuvres-in-the-dark_2.jpg\" width=\"640\" height=\"480\" \/><\/a><br \/>\n<a title=\"\" href=\"http:\/\/jlggb.net\/blog\/wp-content\/uploads\/2008\/06\/sophie_f.jpg\" data-rel=\"lightbox-image-3\" data-imagelightbox=\"3\" data-rl_title=\"\" data-rl_caption=\"\"><img loading=\"lazy\" decoding=\"async\" src=\"http:\/\/jlggb.net\/blog\/wp-content\/uploads\/2008\/06\/sophie_f.jpg\" alt=\"sophie_f.jpg\" width=\"640\" height=\"480\" \/><\/a><br \/>\nSophie S., qui a travaill\u00e9 \u00e0 l&rsquo;installation.<\/p>\n","protected":false},"excerpt":{"rendered":"<p>Jeudi 29 mai 2008, Palais de Tokyo, vernissage de \u00ab Superdome \u00bb&nbsp;: installation de Fabien Giraud et Rapha\u00ebl Siboni, Last manoeuvres in the dark. Sophie S., qui a travaill\u00e9 \u00e0 l&rsquo;installation.<\/p>\n","protected":false},"author":2,"featured_media":0,"comment_status":"closed","ping_status":"closed","sticky":false,"template":"","format":"standard","meta":{"footnotes":""},"categories":[9,46,101],"tags":[786,316,787],"class_list":["post-326","post","type-post","status-publish","format-standard","hentry","category-exposition","category-monument","category-rendez-vous","tag-fabien-giraud","tag-palais-de-tokyo","tag-raphael-siboni"],"_links":{"self":[{"href":"http:\/\/jlggb.net\/blog\/index.php?rest_route=\/wp\/v2\/posts\/326","targetHints":{"allow":["GET"]}}],"collection":[{"href":"http:\/\/jlggb.net\/blog\/index.php?rest_route=\/wp\/v2\/posts"}],"about":[{"href":"http:\/\/jlggb.net\/blog\/index.php?rest_route=\/wp\/v2\/types\/post"}],"author":[{"embeddable":true,"href":"http:\/\/jlggb.net\/blog\/index.php?rest_route=\/wp\/v2\/users\/2"}],"replies":[{"embeddable":true,"href":"http:\/\/jlggb.net\/blog\/index.php?rest_route=%2Fwp%2Fv2%2Fcomments&post=326"}],"version-history":[{"count":0,"href":"http:\/\/jlggb.net\/blog\/index.php?rest_route=\/wp\/v2\/posts\/326\/revisions"}],"wp:attachment":[{"href":"http:\/\/jlggb.net\/blog\/index.php?rest_route=%2Fwp%2Fv2%2Fmedia&parent=326"}],"wp:term":[{"taxonomy":"category","embeddable":true,"href":"http:\/\/jlggb.net\/blog\/index.php?rest_route=%2Fwp%2Fv2%2Fcategories&post=326"},{"taxonomy":"post_tag","embeddable":true,"href":"http:\/\/jlggb.net\/blog\/index.php?rest_route=%2Fwp%2Fv2%2Ftags&post=326"}],"curies":[{"name":"wp","href":"https:\/\/api.w.org\/{rel}","templated":true}]}}