{"id":3069,"date":"2009-05-17T09:00:13","date_gmt":"2009-05-17T08:00:13","guid":{"rendered":"http:\/\/jlggb.net\/blog\/?p=3069"},"modified":"2015-04-16T18:04:51","modified_gmt":"2015-04-16T16:04:51","slug":"luftbild-teilansicht-st-petersinsel","status":"publish","type":"post","link":"http:\/\/jlggb.net\/blog\/?p=3069","title":{"rendered":"Am Bielersee"},"content":{"rendered":"<p><a href=\"http:\/\/jlggb.net\/blog\/wp-content\/uploads\/2009\/05\/stpeter-brechbuhl_1280.jpg\" data-rel=\"lightbox-image-0\" data-imagelightbox=\"0\" data-rl_title=\"\" data-rl_caption=\"\"><img loading=\"lazy\" decoding=\"async\" class=\"alignnone size-full wp-image-3073\" title=\"\" src=\"http:\/\/jlggb.net\/blog\/wp-content\/uploads\/2009\/05\/stpeter-brechbuhl_1280.jpg\" alt=\"stpeter-brechbuhl_1280\" width=\"640\" height=\"489\" srcset=\"http:\/\/jlggb.net\/blog\/wp-content\/uploads\/2009\/05\/stpeter-brechbuhl_1280-195x150.jpg 195w, http:\/\/jlggb.net\/blog\/wp-content\/uploads\/2009\/05\/stpeter-brechbuhl_1280-489x375.jpg 489w, http:\/\/jlggb.net\/blog\/wp-content\/uploads\/2009\/05\/stpeter-brechbuhl_1280-1024x784.jpg 1024w\" sizes=\"auto, (max-width: 640px) 100vw, 640px\" \/><\/a><br \/>\nDans la s\u00e9rie des commentaires des objets qui sont pr\u00e9sents tout pr\u00e8s, cette petite (200 x 150 mm) peinture de Fr. Brechb\u00fchl, <em>Am Bielersee<\/em>, achet\u00e9e au cours de l&rsquo;\u00e9t\u00e9 1992 \u00e0 Bienne, repr\u00e9sentant le lac de Bienne vu depuis le nord l&rsquo;\u00cele Saint-Pierre, qui a donc trait \u00e0 Jean-Jacques Rousseau.<\/p>\n<p style=\"text-align: center;\"><a href=\"http:\/\/jlggb.net\/blog\/wp-content\/uploads\/2009\/05\/sanktpetersinsel.jpg\" data-rel=\"lightbox-image-1\" data-imagelightbox=\"1\" data-rl_title=\"\" data-rl_caption=\"\"><img loading=\"lazy\" decoding=\"async\" class=\"size-full wp-image-3070 aligncenter\" title=\"\" src=\"http:\/\/jlggb.net\/blog\/wp-content\/uploads\/2009\/05\/sanktpetersinsel.jpg\" alt=\"sanktpetersinsel\" width=\"201\" height=\"143\" srcset=\"http:\/\/jlggb.net\/blog\/wp-content\/uploads\/2009\/05\/sanktpetersinsel.jpg 640w, http:\/\/jlggb.net\/blog\/wp-content\/uploads\/2009\/05\/sanktpetersinsel-200x143.jpg 200w, http:\/\/jlggb.net\/blog\/wp-content\/uploads\/2009\/05\/sanktpetersinsel-500x357.jpg 500w\" sizes=\"auto, (max-width: 201px) 100vw, 201px\" \/><\/a><\/p>\n<p style=\"text-align: center;\">Pour donner \u00e0 voir la configuration de l&rsquo;\u00cele Saint-Pierre (qui n&rsquo;en n&rsquo;est plus une depuis que les eaux du lac ont \u00e9t\u00e9 baiss\u00e9es au XIXe s\u00e8cle), cette phographie a\u00e9rienne&nbsp;:<br \/>\nEuropa &gt; Schweiz &gt; Bern, Kanton &gt; Erlach\/Luftbild, Teilansicht, St. Petersinsel, septembre 1988\/ETH-Bibliothek Z\u00fcrich, Bildarchiv.<\/p>\n<p style=\"text-align: center;\"><a href=\"http:\/\/www.switzerland.com\/fr\/offer-Top_Attractions-Nature-8666.html\" target=\"_blank\">Voir la carte.<\/a><\/p>\n<p style=\"text-align: left;\">Ce billet pourra recevoir de nombreux compl\u00e9ments \u00e0 partir des projets <em>Flora petrinsularis<\/em> (1993), <em>Moments de Jean-Jacques Rousseau<\/em> (2000), etc.<\/p>\n","protected":false},"excerpt":{"rendered":"<p>Dans la s\u00e9rie des commentaires des objets qui sont pr\u00e9sents tout pr\u00e8s, cette petite (200 x 150 mm) peinture de Fr. Brechb\u00fchl, Am Bielersee, achet\u00e9e au cours de l&rsquo;\u00e9t\u00e9 1992 \u00e0 Bienne, repr\u00e9sentant le lac de Bienne vu depuis le nord l&rsquo;\u00cele Saint-Pierre, qui a donc trait \u00e0 Jean-Jacques Rousseau. Pour donner \u00e0 voir la &hellip; <a href=\"http:\/\/jlggb.net\/blog\/?p=3069\" class=\"more-link\">Continuer la lecture de <span class=\"screen-reader-text\">Am Bielersee<\/span><\/a><\/p>\n","protected":false},"author":2,"featured_media":0,"comment_status":"closed","ping_status":"closed","sticky":false,"template":"","format":"standard","meta":{"footnotes":""},"categories":[46,38,102],"tags":[446,444,445,344],"class_list":["post-3069","post","type-post","status-publish","format-standard","hentry","category-monument","category-objet","category-paysage","tag-bienne","tag-fr-brechbuhl","tag-ile-saint-pierre","tag-jean-jacques-rousseau"],"_links":{"self":[{"href":"http:\/\/jlggb.net\/blog\/index.php?rest_route=\/wp\/v2\/posts\/3069","targetHints":{"allow":["GET"]}}],"collection":[{"href":"http:\/\/jlggb.net\/blog\/index.php?rest_route=\/wp\/v2\/posts"}],"about":[{"href":"http:\/\/jlggb.net\/blog\/index.php?rest_route=\/wp\/v2\/types\/post"}],"author":[{"embeddable":true,"href":"http:\/\/jlggb.net\/blog\/index.php?rest_route=\/wp\/v2\/users\/2"}],"replies":[{"embeddable":true,"href":"http:\/\/jlggb.net\/blog\/index.php?rest_route=%2Fwp%2Fv2%2Fcomments&post=3069"}],"version-history":[{"count":1,"href":"http:\/\/jlggb.net\/blog\/index.php?rest_route=\/wp\/v2\/posts\/3069\/revisions"}],"predecessor-version":[{"id":7432,"href":"http:\/\/jlggb.net\/blog\/index.php?rest_route=\/wp\/v2\/posts\/3069\/revisions\/7432"}],"wp:attachment":[{"href":"http:\/\/jlggb.net\/blog\/index.php?rest_route=%2Fwp%2Fv2%2Fmedia&parent=3069"}],"wp:term":[{"taxonomy":"category","embeddable":true,"href":"http:\/\/jlggb.net\/blog\/index.php?rest_route=%2Fwp%2Fv2%2Fcategories&post=3069"},{"taxonomy":"post_tag","embeddable":true,"href":"http:\/\/jlggb.net\/blog\/index.php?rest_route=%2Fwp%2Fv2%2Ftags&post=3069"}],"curies":[{"name":"wp","href":"https:\/\/api.w.org\/{rel}","templated":true}]}}