{"id":2954,"date":"2009-05-15T08:32:04","date_gmt":"2009-05-15T07:32:04","guid":{"rendered":"http:\/\/jlggb.net\/blog\/?p=2954"},"modified":"2009-08-26T09:26:15","modified_gmt":"2009-08-26T08:26:15","slug":"le-fond-diffus-cosmologique","status":"publish","type":"post","link":"http:\/\/jlggb.net\/blog\/?p=2954","title":{"rendered":"Le fond diffus cosmologique"},"content":{"rendered":"<p>[flv width=\u00a0\u00bb200&Prime; height=\u00a0\u00bb170&Prime;]http:\/\/jlggb.net\/blog\/wp-flv\/lancement.flv[\/flv]<br \/>\nAmphith\u00e9\u00e2tre de l&rsquo;Institut d&rsquo;astrophysique de Paris, jeudi 14 mai 2009, 15h12. Vid\u00e9o&nbsp;: 1 plan de 85 secondes.<\/p>\n<p>Pour le lancement de deux satellites, t\u00e9lescopes spatiaux, Herschel et Planck, l&rsquo;amphith\u00e9\u00e2tre de l&rsquo;Institut d&rsquo;astrophysique de Paris est ouvert et il est plein de gens, beaucoup plus d\u00e9tendus et silencieux que s&rsquo;ils \u00e9taient devant la t\u00e9l\u00e9vision. Il s&rsquo;agit pourtant de t\u00e9l\u00e9vision, \u00ab\u00a0cha\u00eene officielle\u00a0\u00bb d&rsquo;Arianespace, en direct du centre spatial guyanais.<\/p>\n<p>Le satellite Planck mobilise une \u00e9quipe de plusieurs centaines de scientifiques et d\u2019ing\u00e9nieurs issus de 25 laboratoires d\u2019Europe et des \u00c9tats-Unis. Il est consacr\u00e9 \u00e0 l&rsquo;\u00e9tude de l&rsquo;origine de l&rsquo;Univers en mesurant au milli\u00e8me de degr\u00e9 pr\u00e8s les fluctuations de temp\u00e9rature du rayonnement r\u00e9siduel issu du Big Bang et en cartographiant, pour l&rsquo;int\u00e9gralit\u00e9 de la vo\u00fbte c\u00e9leste, ce \u00ab\u00a0fond diffus cosmologique\u00a0\u00bb.<\/p>\n<blockquote><p>\u00ab Avec Planck, notre qu\u00eate de connaissances nous conduit aux limites de ce qui est th\u00e9oriquement observable. Le d\u00e9fi technique est immense mais si nous parvenons \u00e0 franchir un grand pas en avant dans notre compr\u00e9hension des origines et m\u00eame du destin de l\u2019Univers, la r\u00e9compense sera immense elle aussi\u00a0!\u00a0\u00bb David Southwood, responsable du programme scientifique \u00e0 l&rsquo;Agence Spatiale Europ\u00e9enne.<\/p><\/blockquote>\n<p><a href=\"http:\/\/jlggb.net\/blog\/wp-content\/uploads\/2009\/05\/iap-oeil.jpg\" data-rel=\"lightbox-image-0\" data-imagelightbox=\"0\" data-rl_title=\"\" data-rl_caption=\"\"><img loading=\"lazy\" decoding=\"async\" class=\"alignnone size-full wp-image-2982\" title=\"\" src=\"http:\/\/jlggb.net\/blog\/wp-content\/uploads\/2009\/05\/iap-oeil.jpg\" alt=\"iap-oeil\" width=\"640\" height=\"480\" srcset=\"http:\/\/jlggb.net\/blog\/wp-content\/uploads\/2009\/05\/iap-oeil.jpg 1280w, http:\/\/jlggb.net\/blog\/wp-content\/uploads\/2009\/05\/iap-oeil-200x150.jpg 200w, http:\/\/jlggb.net\/blog\/wp-content\/uploads\/2009\/05\/iap-oeil-500x375.jpg 500w, http:\/\/jlggb.net\/blog\/wp-content\/uploads\/2009\/05\/iap-oeil-1024x768.jpg 1024w\" sizes=\"auto, (max-width: 640px) 100vw, 640px\" \/><\/a><br \/>\n<a href=\"http:\/\/jlggb.net\/blog\/wp-content\/uploads\/2009\/05\/iap-roses.jpg\" data-rel=\"lightbox-image-1\" data-imagelightbox=\"1\" data-rl_title=\"\" data-rl_caption=\"\"><img loading=\"lazy\" decoding=\"async\" class=\"alignnone size-full wp-image-2983\" title=\"\" src=\"http:\/\/jlggb.net\/blog\/wp-content\/uploads\/2009\/05\/iap-roses.jpg\" alt=\"iap-roses\" width=\"640\" height=\"480\" srcset=\"http:\/\/jlggb.net\/blog\/wp-content\/uploads\/2009\/05\/iap-roses.jpg 1280w, http:\/\/jlggb.net\/blog\/wp-content\/uploads\/2009\/05\/iap-roses-200x150.jpg 200w, http:\/\/jlggb.net\/blog\/wp-content\/uploads\/2009\/05\/iap-roses-500x375.jpg 500w, http:\/\/jlggb.net\/blog\/wp-content\/uploads\/2009\/05\/iap-roses-1024x768.jpg 1024w\" sizes=\"auto, (max-width: 640px) 100vw, 640px\" \/><\/a><br \/>\nDeux vues de l&rsquo;IAP, jeudi 14 mai 2009, vers 16h.<\/p>\n","protected":false},"excerpt":{"rendered":"<p>[flv width=\u00a0\u00bb200&Prime; height=\u00a0\u00bb170&Prime;]http:\/\/jlggb.net\/blog\/wp-flv\/lancement.flv[\/flv] Amphith\u00e9\u00e2tre de l&rsquo;Institut d&rsquo;astrophysique de Paris, jeudi 14 mai 2009, 15h12. Vid\u00e9o&nbsp;: 1 plan de 85 secondes. Pour le lancement de deux satellites, t\u00e9lescopes spatiaux, Herschel et Planck, l&rsquo;amphith\u00e9\u00e2tre de l&rsquo;Institut d&rsquo;astrophysique de Paris est ouvert et il est plein de gens, beaucoup plus d\u00e9tendus et silencieux que s&rsquo;ils \u00e9taient devant la &hellip; <a href=\"http:\/\/jlggb.net\/blog\/?p=2954\" class=\"more-link\">Continuer la lecture de <span class=\"screen-reader-text\">Le fond diffus cosmologique<\/span><\/a><\/p>\n","protected":false},"author":2,"featured_media":0,"comment_status":"closed","ping_status":"closed","sticky":false,"template":"","format":"standard","meta":{"footnotes":""},"categories":[45,372,101,19],"tags":[],"class_list":["post-2954","post","type-post","status-publish","format-standard","hentry","category-arrive-enfin","category-observation","category-rendez-vous","category-ville"],"_links":{"self":[{"href":"http:\/\/jlggb.net\/blog\/index.php?rest_route=\/wp\/v2\/posts\/2954","targetHints":{"allow":["GET"]}}],"collection":[{"href":"http:\/\/jlggb.net\/blog\/index.php?rest_route=\/wp\/v2\/posts"}],"about":[{"href":"http:\/\/jlggb.net\/blog\/index.php?rest_route=\/wp\/v2\/types\/post"}],"author":[{"embeddable":true,"href":"http:\/\/jlggb.net\/blog\/index.php?rest_route=\/wp\/v2\/users\/2"}],"replies":[{"embeddable":true,"href":"http:\/\/jlggb.net\/blog\/index.php?rest_route=%2Fwp%2Fv2%2Fcomments&post=2954"}],"version-history":[{"count":0,"href":"http:\/\/jlggb.net\/blog\/index.php?rest_route=\/wp\/v2\/posts\/2954\/revisions"}],"wp:attachment":[{"href":"http:\/\/jlggb.net\/blog\/index.php?rest_route=%2Fwp%2Fv2%2Fmedia&parent=2954"}],"wp:term":[{"taxonomy":"category","embeddable":true,"href":"http:\/\/jlggb.net\/blog\/index.php?rest_route=%2Fwp%2Fv2%2Fcategories&post=2954"},{"taxonomy":"post_tag","embeddable":true,"href":"http:\/\/jlggb.net\/blog\/index.php?rest_route=%2Fwp%2Fv2%2Ftags&post=2954"}],"curies":[{"name":"wp","href":"https:\/\/api.w.org\/{rel}","templated":true}]}}