{"id":278,"date":"2008-04-08T00:14:05","date_gmt":"2008-04-07T22:14:05","guid":{"rendered":"http:\/\/jlggb.net\/blog\/?p=278"},"modified":"2010-12-27T14:01:30","modified_gmt":"2010-12-27T13:01:30","slug":"section-de-biologie-vegetale","status":"publish","type":"post","link":"http:\/\/jlggb.net\/blog\/?p=278","title":{"rendered":"Section de biologie v\u00e9g\u00e9tale"},"content":{"rendered":"<p><a title=\"\" href=\"http:\/\/jlggb.net\/blog\/wp-content\/uploads\/2008\/04\/ecolenormale.jpg\" data-rel=\"lightbox-image-0\" data-imagelightbox=\"0\" data-rl_title=\"\" data-rl_caption=\"\"><img loading=\"lazy\" decoding=\"async\" src=\"http:\/\/jlggb.net\/blog\/wp-content\/uploads\/2008\/04\/ecolenormale.jpg\" alt=\"ecolenormale.jpg\" width=\"640\" height=\"480\" \/><\/a><br \/>\nCour int\u00e9rieure du 31 rue d&rsquo;Ulm, lundi 7 avril 2008, 16h30. Il \u00e9tait question d&rsquo;une promenade publique traversante, l&rsquo;ENS n&rsquo;en a pas voulu, les grilles sont rest\u00e9es. Vu de l&rsquo;Ensad, le jardin de l&rsquo;ENS avoue difficilement qu&rsquo;il fut celui de la Section de biologie v\u00e9g\u00e9tale. Pascal Cribier, paysagiste, \u00e9crit dans le petit livre publi\u00e9 par l&rsquo;Ensad au moment de la r\u00e9ouverture de b\u00e2timent de la rue d&rsquo;Ulm, apr\u00e8s les travaux, en novembre 2004&nbsp;: \u00ab Le jardin de l&rsquo;ENS r\u00e9v\u00e8le la pr\u00e9sence de v\u00e9g\u00e9taux inattendus en plein c\u0153ur de paris. Plant\u00e9 \u00e0 l&rsquo;origine par les chercheurs de la section de biologie v\u00e9g\u00e9tale de l&rsquo;ENS, il a \u00e9t\u00e9 progressivement abandonn\u00e9 en raison de l&rsquo;\u00e9volution de cette branche vers la biologie mol\u00e9culaire. \u00bb Sont mentionn\u00e9s, les plantes et arbres suivants&nbsp;: lamier blanc, ch\u00e9lidoine, mauve, herbe \u00e0 taupe, foug\u00e8re m\u00e2le, lune terrestre, pervenche \u00e0 grosses et \u00e0 petites feuilles, muguet des bois, g\u00e9ranium sanguin, armoise pontique, aster d&rsquo;Am\u00e9rique, polygonum de Chine, fraisier des montagnes, lierre panach\u00e9, colombine, bleuet des montagnes, faux fraisier, coucou, bouillon blanc, eupatoire, plante de teinturier, iris des marais, ell\u00e9bore, marronnier, \u00e9rable sycomore, catalpa commun, faux acacia, arbre de l&rsquo;amour, ch\u00eane de Hongrie, orme d&rsquo;Am\u00e9rique, peuplier blanc, fr\u00eane commun, pommier, noyer, prunus rouge, if, cypr\u00e8s d&rsquo;Italie, p\u00eacher, peuplier d&rsquo;Italie, fusain du Japon, fusain de Cor\u00e9e, coton\u00e9aster, mahonia \u00e0 feuilles de houx, \u00e9glantier, lilas.<\/p>\n","protected":false},"excerpt":{"rendered":"<p>Cour int\u00e9rieure du 31 rue d&rsquo;Ulm, lundi 7 avril 2008, 16h30. Il \u00e9tait question d&rsquo;une promenade publique traversante, l&rsquo;ENS n&rsquo;en a pas voulu, les grilles sont rest\u00e9es. Vu de l&rsquo;Ensad, le jardin de l&rsquo;ENS avoue difficilement qu&rsquo;il fut celui de la Section de biologie v\u00e9g\u00e9tale. Pascal Cribier, paysagiste, \u00e9crit dans le petit livre publi\u00e9 par &hellip; <a href=\"http:\/\/jlggb.net\/blog\/?p=278\" class=\"more-link\">Continuer la lecture de <span class=\"screen-reader-text\">Section de biologie v\u00e9g\u00e9tale<\/span><\/a><\/p>\n","protected":false},"author":2,"featured_media":0,"comment_status":"closed","ping_status":"closed","sticky":false,"template":"","format":"standard","meta":{"footnotes":""},"categories":[39,46,73,47],"tags":[798,799],"class_list":["post-278","post","type-post","status-publish","format-standard","hentry","category-collection","category-monument","category-plante","category-reperage","tag-ens","tag-rue-dulm"],"_links":{"self":[{"href":"http:\/\/jlggb.net\/blog\/index.php?rest_route=\/wp\/v2\/posts\/278","targetHints":{"allow":["GET"]}}],"collection":[{"href":"http:\/\/jlggb.net\/blog\/index.php?rest_route=\/wp\/v2\/posts"}],"about":[{"href":"http:\/\/jlggb.net\/blog\/index.php?rest_route=\/wp\/v2\/types\/post"}],"author":[{"embeddable":true,"href":"http:\/\/jlggb.net\/blog\/index.php?rest_route=\/wp\/v2\/users\/2"}],"replies":[{"embeddable":true,"href":"http:\/\/jlggb.net\/blog\/index.php?rest_route=%2Fwp%2Fv2%2Fcomments&post=278"}],"version-history":[{"count":0,"href":"http:\/\/jlggb.net\/blog\/index.php?rest_route=\/wp\/v2\/posts\/278\/revisions"}],"wp:attachment":[{"href":"http:\/\/jlggb.net\/blog\/index.php?rest_route=%2Fwp%2Fv2%2Fmedia&parent=278"}],"wp:term":[{"taxonomy":"category","embeddable":true,"href":"http:\/\/jlggb.net\/blog\/index.php?rest_route=%2Fwp%2Fv2%2Fcategories&post=278"},{"taxonomy":"post_tag","embeddable":true,"href":"http:\/\/jlggb.net\/blog\/index.php?rest_route=%2Fwp%2Fv2%2Ftags&post=278"}],"curies":[{"name":"wp","href":"https:\/\/api.w.org\/{rel}","templated":true}]}}